{"id":251760,"date":"2022-04-16T20:40:49","date_gmt":"2022-04-16T18:40:49","guid":{"rendered":"https:\/\/zjarr.tv\/?p=251760"},"modified":"2022-04-16T20:41:36","modified_gmt":"2022-04-16T18:41:36","slug":"komentuesit-masakrojne-enkelejd-alibeajn-kopil-i-sigurimit-edhe-ti-je-shpallur-non-grata","status":"publish","type":"post","link":"https:\/\/zjarr.tv\/sq\/komentuesit-masakrojne-enkelejd-alibeajn-kopil-i-sigurimit-edhe-ti-je-shpallur-non-grata\/","title":{"rendered":"Komentuesit &#8220;masakrojn\u00eb&#8221; Enkelejd Alibeajn: &#8220;Kopil i sigurimit edhe ti je shpallur non-grata&#8221;"},"content":{"rendered":"<p>Kryetari i Grupit Parlamentar, Enkelejd Alibeaj, ka dh\u00ebn\u00eb p\u00ebrgjigjen p\u00ebrfundimtare sa i p\u00ebrket, p\u00ebrfshirjes s\u00eb ish-kryeministrit Sali Berisha n\u00eb rradh\u00ebt e k\u00ebsaj partie.<\/p>\n<p>Ashtu si dhe kishte deklaruar m\u00eb her\u00ebt, Alibeaj ritheksoi dhe nj\u00ebher\u00eb se Sali Berisha nuk mund t\u00eb jet\u00eb pjes\u00eb e Grupit Parlamentar t\u00eb Partis\u00eb Demokratike, pasi ai \u00ebsht\u00eb shpallur \u201cNon-grata\u201d.<\/p>\n<p>Por kan\u00eb q\u00ebne te shumta reagimet e komentuesve te cil\u00ebt shprehen se Alibeaj eshte non &#8211; grata apo eshte aleanc\u00eb me PS.<\/p>\n<p>Disa nga komentet:<\/p>\n<p><img loading=\"lazy\" decoding=\"async\" class=\"alignnone size-medium wp-image-251761\" src=\"https:\/\/zjarr.tv\/wp-content\/uploads\/2022\/04\/Screenshot_20220416-201651_Facebook-125x300.jpg\" alt=\"\" width=\"125\" height=\"300\" srcset=\"https:\/\/zjarr.tv\/wp-content\/uploads\/2022\/04\/Screenshot_20220416-201651_Facebook-125x300.jpg 125w, https:\/\/zjarr.tv\/wp-content\/uploads\/2022\/04\/Screenshot_20220416-201651_Facebook-425x1024.jpg 425w, https:\/\/zjarr.tv\/wp-content\/uploads\/2022\/04\/Screenshot_20220416-201651_Facebook-768x1848.jpg 768w, https:\/\/zjarr.tv\/wp-content\/uploads\/2022\/04\/Screenshot_20220416-201651_Facebook-638x1536.jpg 638w, https:\/\/zjarr.tv\/wp-content\/uploads\/2022\/04\/Screenshot_20220416-201651_Facebook-851x2048.jpg 851w, https:\/\/zjarr.tv\/wp-content\/uploads\/2022\/04\/Screenshot_20220416-201651_Facebook-696x1675.jpg 696w, https:\/\/zjarr.tv\/wp-content\/uploads\/2022\/04\/Screenshot_20220416-201651_Facebook-175x420.jpg 175w, https:\/\/zjarr.tv\/wp-content\/uploads\/2022\/04\/Screenshot_20220416-201651_Facebook.jpg 944w\" sizes=\"auto, (max-width: 125px) 100vw, 125px\" \/><\/p>\n<p><img loading=\"lazy\" decoding=\"async\" class=\"alignnone size-medium wp-image-251762\" src=\"https:\/\/zjarr.tv\/wp-content\/uploads\/2022\/04\/Screenshot_20220416-201643_Facebook-119x300.jpg\" alt=\"\" width=\"119\" height=\"300\" srcset=\"https:\/\/zjarr.tv\/wp-content\/uploads\/2022\/04\/Screenshot_20220416-201643_Facebook-119x300.jpg 119w, https:\/\/zjarr.tv\/wp-content\/uploads\/2022\/04\/Screenshot_20220416-201643_Facebook-406x1024.jpg 406w, https:\/\/zjarr.tv\/wp-content\/uploads\/2022\/04\/Screenshot_20220416-201643_Facebook-768x1937.jpg 768w, https:\/\/zjarr.tv\/wp-content\/uploads\/2022\/04\/Screenshot_20220416-201643_Facebook-609x1536.jpg 609w, https:\/\/zjarr.tv\/wp-content\/uploads\/2022\/04\/Screenshot_20220416-201643_Facebook-812x2048.jpg 812w, https:\/\/zjarr.tv\/wp-content\/uploads\/2022\/04\/Screenshot_20220416-201643_Facebook-696x1756.jpg 696w, https:\/\/zjarr.tv\/wp-content\/uploads\/2022\/04\/Screenshot_20220416-201643_Facebook-166x420.jpg 166w, https:\/\/zjarr.tv\/wp-content\/uploads\/2022\/04\/Screenshot_20220416-201643_Facebook.jpg 924w\" sizes=\"auto, (max-width: 119px) 100vw, 119px\" \/><\/p>\n<p><img loading=\"lazy\" decoding=\"async\" class=\"alignnone size-medium wp-image-251763\" src=\"https:\/\/zjarr.tv\/wp-content\/uploads\/2022\/04\/Screenshot_20220416-201630_Facebook-135x300.jpg\" alt=\"\" width=\"135\" height=\"300\" srcset=\"https:\/\/zjarr.tv\/wp-content\/uploads\/2022\/04\/Screenshot_20220416-201630_Facebook-135x300.jpg 135w, https:\/\/zjarr.tv\/wp-content\/uploads\/2022\/04\/Screenshot_20220416-201630_Facebook-461x1024.jpg 461w, https:\/\/zjarr.tv\/wp-content\/uploads\/2022\/04\/Screenshot_20220416-201630_Facebook-768x1707.jpg 768w, https:\/\/zjarr.tv\/wp-content\/uploads\/2022\/04\/Screenshot_20220416-201630_Facebook-691x1536.jpg 691w, https:\/\/zjarr.tv\/wp-content\/uploads\/2022\/04\/Screenshot_20220416-201630_Facebook-922x2048.jpg 922w, https:\/\/zjarr.tv\/wp-content\/uploads\/2022\/04\/Screenshot_20220416-201630_Facebook-696x1547.jpg 696w, https:\/\/zjarr.tv\/wp-content\/uploads\/2022\/04\/Screenshot_20220416-201630_Facebook-189x420.jpg 189w, https:\/\/zjarr.tv\/wp-content\/uploads\/2022\/04\/Screenshot_20220416-201630_Facebook.jpg 935w\" sizes=\"auto, (max-width: 135px) 100vw, 135px\" \/><\/p>\n<p><img loading=\"lazy\" decoding=\"async\" class=\"alignnone size-medium wp-image-251764\" src=\"https:\/\/zjarr.tv\/wp-content\/uploads\/2022\/04\/Screenshot_20220416-201623_Facebook-128x300.jpg\" alt=\"\" width=\"128\" height=\"300\" srcset=\"https:\/\/zjarr.tv\/wp-content\/uploads\/2022\/04\/Screenshot_20220416-201623_Facebook-128x300.jpg 128w, https:\/\/zjarr.tv\/wp-content\/uploads\/2022\/04\/Screenshot_20220416-201623_Facebook-435x1024.jpg 435w, https:\/\/zjarr.tv\/wp-content\/uploads\/2022\/04\/Screenshot_20220416-201623_Facebook-768x1807.jpg 768w, https:\/\/zjarr.tv\/wp-content\/uploads\/2022\/04\/Screenshot_20220416-201623_Facebook-653x1536.jpg 653w, https:\/\/zjarr.tv\/wp-content\/uploads\/2022\/04\/Screenshot_20220416-201623_Facebook-871x2048.jpg 871w, https:\/\/zjarr.tv\/wp-content\/uploads\/2022\/04\/Screenshot_20220416-201623_Facebook-696x1637.jpg 696w, https:\/\/zjarr.tv\/wp-content\/uploads\/2022\/04\/Screenshot_20220416-201623_Facebook-179x420.jpg 179w, https:\/\/zjarr.tv\/wp-content\/uploads\/2022\/04\/Screenshot_20220416-201623_Facebook.jpg 922w\" sizes=\"auto, (max-width: 128px) 100vw, 128px\" \/><\/p>\n<p><img loading=\"lazy\" decoding=\"async\" class=\"alignnone size-medium wp-image-251765\" src=\"https:\/\/zjarr.tv\/wp-content\/uploads\/2022\/04\/Screenshot_20220416-201612_Facebook-125x300.jpg\" alt=\"\" width=\"125\" height=\"300\" srcset=\"https:\/\/zjarr.tv\/wp-content\/uploads\/2022\/04\/Screenshot_20220416-201612_Facebook-125x300.jpg 125w, https:\/\/zjarr.tv\/wp-content\/uploads\/2022\/04\/Screenshot_20220416-201612_Facebook-428x1024.jpg 428w, https:\/\/zjarr.tv\/wp-content\/uploads\/2022\/04\/Screenshot_20220416-201612_Facebook-768x1837.jpg 768w, https:\/\/zjarr.tv\/wp-content\/uploads\/2022\/04\/Screenshot_20220416-201612_Facebook-642x1536.jpg 642w, https:\/\/zjarr.tv\/wp-content\/uploads\/2022\/04\/Screenshot_20220416-201612_Facebook-856x2048.jpg 856w, https:\/\/zjarr.tv\/wp-content\/uploads\/2022\/04\/Screenshot_20220416-201612_Facebook-696x1665.jpg 696w, https:\/\/zjarr.tv\/wp-content\/uploads\/2022\/04\/Screenshot_20220416-201612_Facebook.jpg 902w\" sizes=\"auto, (max-width: 125px) 100vw, 125px\" \/><\/p>\n<p><img loading=\"lazy\" decoding=\"async\" class=\"alignnone size-medium wp-image-251766\" src=\"https:\/\/zjarr.tv\/wp-content\/uploads\/2022\/04\/Screenshot_20220416-201549_Facebook-129x300.jpg\" alt=\"\" width=\"129\" height=\"300\" srcset=\"https:\/\/zjarr.tv\/wp-content\/uploads\/2022\/04\/Screenshot_20220416-201549_Facebook-129x300.jpg 129w, https:\/\/zjarr.tv\/wp-content\/uploads\/2022\/04\/Screenshot_20220416-201549_Facebook-441x1024.jpg 441w, https:\/\/zjarr.tv\/wp-content\/uploads\/2022\/04\/Screenshot_20220416-201549_Facebook-768x1782.jpg 768w, https:\/\/zjarr.tv\/wp-content\/uploads\/2022\/04\/Screenshot_20220416-201549_Facebook-662x1536.jpg 662w, https:\/\/zjarr.tv\/wp-content\/uploads\/2022\/04\/Screenshot_20220416-201549_Facebook-883x2048.jpg 883w, https:\/\/zjarr.tv\/wp-content\/uploads\/2022\/04\/Screenshot_20220416-201549_Facebook-696x1615.jpg 696w, https:\/\/zjarr.tv\/wp-content\/uploads\/2022\/04\/Screenshot_20220416-201549_Facebook-181x420.jpg 181w, https:\/\/zjarr.tv\/wp-content\/uploads\/2022\/04\/Screenshot_20220416-201549_Facebook.jpg 935w\" sizes=\"auto, (max-width: 129px) 100vw, 129px\" \/><\/p>\n","protected":false},"excerpt":{"rendered":"<p>Kryetari i Grupit Parlamentar, Enkelejd Alibeaj, ka dh\u00ebn\u00eb p\u00ebrgjigjen p\u00ebrfundimtare sa i p\u00ebrket, p\u00ebrfshirjes s\u00eb ish-kryeministrit Sali Berisha n\u00eb rradh\u00ebt e k\u00ebsaj partie. Ashtu si dhe kishte deklaruar m\u00eb her\u00ebt, Alibeaj ritheksoi dhe nj\u00ebher\u00eb se Sali Berisha nuk mund t\u00eb jet\u00eb pjes\u00eb e Grupit Parlamentar t\u00eb Partis\u00eb Demokratike, pasi ai \u00ebsht\u00eb shpallur \u201cNon-grata\u201d. Por kan\u00eb [&hellip;]<\/p>\n","protected":false},"author":2031,"featured_media":251767,"comment_status":"closed","ping_status":"closed","sticky":false,"template":"","format":"standard","meta":{"footnotes":""},"categories":[241,231,235],"tags":[],"class_list":{"0":"post-251760","1":"post","2":"type-post","3":"status-publish","4":"format-standard","5":"has-post-thumbnail","7":"category-aktualitet","8":"category-lajme","9":"category-vendi"},"_links":{"self":[{"href":"https:\/\/zjarr.tv\/sq\/wp-json\/wp\/v2\/posts\/251760","targetHints":{"allow":["GET"]}}],"collection":[{"href":"https:\/\/zjarr.tv\/sq\/wp-json\/wp\/v2\/posts"}],"about":[{"href":"https:\/\/zjarr.tv\/sq\/wp-json\/wp\/v2\/types\/post"}],"author":[{"embeddable":true,"href":"https:\/\/zjarr.tv\/sq\/wp-json\/wp\/v2\/users\/2031"}],"replies":[{"embeddable":true,"href":"https:\/\/zjarr.tv\/sq\/wp-json\/wp\/v2\/comments?post=251760"}],"version-history":[{"count":0,"href":"https:\/\/zjarr.tv\/sq\/wp-json\/wp\/v2\/posts\/251760\/revisions"}],"wp:featuredmedia":[{"embeddable":true,"href":"https:\/\/zjarr.tv\/sq\/wp-json\/wp\/v2\/media\/251767"}],"wp:attachment":[{"href":"https:\/\/zjarr.tv\/sq\/wp-json\/wp\/v2\/media?parent=251760"}],"wp:term":[{"taxonomy":"category","embeddable":true,"href":"https:\/\/zjarr.tv\/sq\/wp-json\/wp\/v2\/categories?post=251760"},{"taxonomy":"post_tag","embeddable":true,"href":"https:\/\/zjarr.tv\/sq\/wp-json\/wp\/v2\/tags?post=251760"}],"curies":[{"name":"wp","href":"https:\/\/api.w.org\/{rel}","templated":true}]}}