{"id":251790,"date":"2022-04-17T08:03:49","date_gmt":"2022-04-17T06:03:49","guid":{"rendered":"https:\/\/zjarr.tv\/?p=251790"},"modified":"2022-04-17T08:03:49","modified_gmt":"2022-04-17T06:03:49","slug":"reshje-shiu-ne-te-gjithe-vendin-dhe-ulje-temperaturash-mesoni-si-do-te-jete-moti-sot","status":"publish","type":"post","link":"https:\/\/zjarr.tv\/sq\/reshje-shiu-ne-te-gjithe-vendin-dhe-ulje-temperaturash-mesoni-si-do-te-jete-moti-sot\/","title":{"rendered":"Reshje shiu n\u00eb t\u00eb gjith\u00eb vendin dhe ulje temperaturash, m\u00ebsoni si do t\u00eb jet\u00eb moti sot"},"content":{"rendered":"<p>Territori Shqiptar do t\u00eb jet\u00eb n\u00eb ndikimin e vran\u00ebsirave t\u00eb shpeshta, t\u00eb cilat do t\u00eb sjellin reshje shiu n\u00eb t\u00eb gjith\u00eb vendin ton\u00eb.<\/p>\n<p>Parashikohet q\u00eb her\u00eb pas here t\u00eb ket\u00eb dhe rrebeshe shiu, ku m\u00eb t\u00eb dukshme do t\u00eb jen\u00eb n\u00eb zonat Veriore. N\u00eb zonat e thella malore pritet t\u00eb ket\u00eb dhe reshje t\u00eb pakta d\u00ebbore.<\/p>\n<p>Temperaturat e ajrit do t\u00eb ulen ndjesh\u00ebm n\u00eb m\u00ebngjes dhe n\u00eb mesdit\u00eb duke luhatur vlerat ditore nga 6\u00b0C deri n\u00eb 16\u00b0C. Era do t\u00eb fryj\u00eb mesatare dhe e fort\u00eb me shpejt\u00ebsi mbi 50 km\/h nga drejtimi Verilindor duke krijuar n\u00eb brigjet detare dallg\u00ebzim 4 ball\u00eb.<\/p>\n","protected":false},"excerpt":{"rendered":"<p>Territori Shqiptar do t\u00eb jet\u00eb n\u00eb ndikimin e vran\u00ebsirave t\u00eb shpeshta, t\u00eb cilat do t\u00eb sjellin reshje shiu n\u00eb t\u00eb gjith\u00eb vendin ton\u00eb. Parashikohet q\u00eb her\u00eb pas here t\u00eb ket\u00eb dhe rrebeshe shiu, ku m\u00eb t\u00eb dukshme do t\u00eb jen\u00eb n\u00eb zonat Veriore. N\u00eb zonat e thella malore pritet t\u00eb ket\u00eb dhe reshje t\u00eb pakta [&hellip;]<\/p>\n","protected":false},"author":2031,"featured_media":184967,"comment_status":"closed","ping_status":"closed","sticky":false,"template":"","format":"standard","meta":{"footnotes":""},"categories":[241,231,235],"tags":[],"class_list":{"0":"post-251790","1":"post","2":"type-post","3":"status-publish","4":"format-standard","5":"has-post-thumbnail","7":"category-aktualitet","8":"category-lajme","9":"category-vendi"},"_links":{"self":[{"href":"https:\/\/zjarr.tv\/sq\/wp-json\/wp\/v2\/posts\/251790","targetHints":{"allow":["GET"]}}],"collection":[{"href":"https:\/\/zjarr.tv\/sq\/wp-json\/wp\/v2\/posts"}],"about":[{"href":"https:\/\/zjarr.tv\/sq\/wp-json\/wp\/v2\/types\/post"}],"author":[{"embeddable":true,"href":"https:\/\/zjarr.tv\/sq\/wp-json\/wp\/v2\/users\/2031"}],"replies":[{"embeddable":true,"href":"https:\/\/zjarr.tv\/sq\/wp-json\/wp\/v2\/comments?post=251790"}],"version-history":[{"count":0,"href":"https:\/\/zjarr.tv\/sq\/wp-json\/wp\/v2\/posts\/251790\/revisions"}],"wp:featuredmedia":[{"embeddable":true,"href":"https:\/\/zjarr.tv\/sq\/wp-json\/wp\/v2\/media\/184967"}],"wp:attachment":[{"href":"https:\/\/zjarr.tv\/sq\/wp-json\/wp\/v2\/media?parent=251790"}],"wp:term":[{"taxonomy":"category","embeddable":true,"href":"https:\/\/zjarr.tv\/sq\/wp-json\/wp\/v2\/categories?post=251790"},{"taxonomy":"post_tag","embeddable":true,"href":"https:\/\/zjarr.tv\/sq\/wp-json\/wp\/v2\/tags?post=251790"}],"curies":[{"name":"wp","href":"https:\/\/api.w.org\/{rel}","templated":true}]}}