{"id":251797,"date":"2022-04-17T12:33:43","date_gmt":"2022-04-17T10:33:43","guid":{"rendered":"https:\/\/zjarr.tv\/?p=251797"},"modified":"2022-04-17T12:33:43","modified_gmt":"2022-04-17T10:33:43","slug":"sazan-guri-shpall-kandidaturen-per-president-ma-kane-kerkuar-shume-qytetare-nuk-do-ta-leme-te-jete-keshtu-shqiperia","status":"publish","type":"post","link":"https:\/\/zjarr.tv\/sq\/sazan-guri-shpall-kandidaturen-per-president-ma-kane-kerkuar-shume-qytetare-nuk-do-ta-leme-te-jete-keshtu-shqiperia\/","title":{"rendered":"Sazan Guri shpall kandidatur\u00ebn p\u00ebr President: Ma kan\u00eb k\u00ebrkuar shum\u00eb qytetar\u00eb! Nuk do ta l\u00ebm\u00eb t\u00eb jet\u00eb k\u00ebshtu Shqip\u00ebria"},"content":{"rendered":"<p>Sazan Guri ka hedhur kandidatur\u00ebn p\u00ebr t\u2019u b\u00ebr\u00eb President i Shqip\u00ebris\u00eb. Ai thot\u00eb se \u00ebsht\u00eb nxitur p\u00ebr t\u00eb shpallur kandidatur\u00ebn nga nj\u00eb nu\u00ebmr i madh qytetar\u00ebsh, aktivist\u00ebsh dhe njer\u00ebz t\u00eb mediave, teksa shton se aft\u00ebsit\u00eb, p\u00ebrvoja dhe dashuria p\u00ebr vendin e kan\u00eb shtyr\u00eb t\u00eb jet\u00eb kandidat.<\/p>\n<p>\u201cKam besim te Per\u00ebndia, po aq te shqiptaria q\u00eb nuk do ta l\u00ebm\u00eb t\u00eb jet\u00eb k\u00ebshtu Shqip\u00ebria\u201d, shkruan n\u00eb fund t\u00eb deklarat\u00ebs s\u00eb tij Sazan Guri.<\/p>\n<p>Emri i Presidentit t\u00eb ri mbetet ende nj\u00eb mister, pasi nga pal\u00ebt politike nuk ka ndonj\u00eb kandidatur\u00eb konkrete, nd\u00ebrkoh\u00eb q\u00eb shoq\u00ebria civile ka dh\u00ebn\u00eb disa emra, t\u00eb cil\u00ebt jan\u00eb mir\u00ebpritur nga qytetar\u00ebt.<\/p>\n<p>Deklarata e Sazan Gurit:<\/p>\n<p><img loading=\"lazy\" decoding=\"async\" src=\"https:\/\/zjarr.tv\/wp-content\/uploads\/2022\/04\/278318762_10216693556930008_505212546504813990_n-790x1024-1-231x300.jpg\" alt=\"\" width=\"231\" height=\"300\" class=\"alignnone size-medium wp-image-251799\" srcset=\"https:\/\/zjarr.tv\/wp-content\/uploads\/2022\/04\/278318762_10216693556930008_505212546504813990_n-790x1024-1-231x300.jpg 231w, https:\/\/zjarr.tv\/wp-content\/uploads\/2022\/04\/278318762_10216693556930008_505212546504813990_n-790x1024-1-768x995.jpg 768w, https:\/\/zjarr.tv\/wp-content\/uploads\/2022\/04\/278318762_10216693556930008_505212546504813990_n-790x1024-1-696x902.jpg 696w, https:\/\/zjarr.tv\/wp-content\/uploads\/2022\/04\/278318762_10216693556930008_505212546504813990_n-790x1024-1-324x420.jpg 324w, https:\/\/zjarr.tv\/wp-content\/uploads\/2022\/04\/278318762_10216693556930008_505212546504813990_n-790x1024-1.jpg 790w\" sizes=\"auto, (max-width: 231px) 100vw, 231px\" \/><\/p>\n","protected":false},"excerpt":{"rendered":"<p>Sazan Guri ka hedhur kandidatur\u00ebn p\u00ebr t\u2019u b\u00ebr\u00eb President i Shqip\u00ebris\u00eb. Ai thot\u00eb se \u00ebsht\u00eb nxitur p\u00ebr t\u00eb shpallur kandidatur\u00ebn nga nj\u00eb nu\u00ebmr i madh qytetar\u00ebsh, aktivist\u00ebsh dhe njer\u00ebz t\u00eb mediave, teksa shton se aft\u00ebsit\u00eb, p\u00ebrvoja dhe dashuria p\u00ebr vendin e kan\u00eb shtyr\u00eb t\u00eb jet\u00eb kandidat. \u201cKam besim te Per\u00ebndia, po aq te shqiptaria q\u00eb [&hellip;]<\/p>\n","protected":false},"author":2031,"featured_media":251800,"comment_status":"closed","ping_status":"closed","sticky":false,"template":"","format":"standard","meta":{"footnotes":""},"categories":[241,231,235],"tags":[],"class_list":{"0":"post-251797","1":"post","2":"type-post","3":"status-publish","4":"format-standard","5":"has-post-thumbnail","7":"category-aktualitet","8":"category-lajme","9":"category-vendi"},"_links":{"self":[{"href":"https:\/\/zjarr.tv\/sq\/wp-json\/wp\/v2\/posts\/251797","targetHints":{"allow":["GET"]}}],"collection":[{"href":"https:\/\/zjarr.tv\/sq\/wp-json\/wp\/v2\/posts"}],"about":[{"href":"https:\/\/zjarr.tv\/sq\/wp-json\/wp\/v2\/types\/post"}],"author":[{"embeddable":true,"href":"https:\/\/zjarr.tv\/sq\/wp-json\/wp\/v2\/users\/2031"}],"replies":[{"embeddable":true,"href":"https:\/\/zjarr.tv\/sq\/wp-json\/wp\/v2\/comments?post=251797"}],"version-history":[{"count":0,"href":"https:\/\/zjarr.tv\/sq\/wp-json\/wp\/v2\/posts\/251797\/revisions"}],"wp:featuredmedia":[{"embeddable":true,"href":"https:\/\/zjarr.tv\/sq\/wp-json\/wp\/v2\/media\/251800"}],"wp:attachment":[{"href":"https:\/\/zjarr.tv\/sq\/wp-json\/wp\/v2\/media?parent=251797"}],"wp:term":[{"taxonomy":"category","embeddable":true,"href":"https:\/\/zjarr.tv\/sq\/wp-json\/wp\/v2\/categories?post=251797"},{"taxonomy":"post_tag","embeddable":true,"href":"https:\/\/zjarr.tv\/sq\/wp-json\/wp\/v2\/tags?post=251797"}],"curies":[{"name":"wp","href":"https:\/\/api.w.org\/{rel}","templated":true}]}}