{"id":251808,"date":"2022-04-17T12:44:31","date_gmt":"2022-04-17T10:44:31","guid":{"rendered":"https:\/\/zjarr.tv\/?p=251808"},"modified":"2022-04-17T12:44:31","modified_gmt":"2022-04-17T10:44:31","slug":"aksident-i-rende-shoferi-humb-kontrollin-e-mjetit-dhe-perfundon-ne-liqenin-e-fierzes-humb-jeten-babai-shpeton-i-biri-emri","status":"publish","type":"post","link":"https:\/\/zjarr.tv\/sq\/aksident-i-rende-shoferi-humb-kontrollin-e-mjetit-dhe-perfundon-ne-liqenin-e-fierzes-humb-jeten-babai-shpeton-i-biri-emri\/","title":{"rendered":"Aksident i r\u00ebnd\u00eb, shoferi humb kontrollin e mjetit dhe p\u00ebrfundon n\u00eb liqenin e Fierz\u00ebs, humb jet\u00ebn babai, shp\u00ebton i biri (EMRI)"},"content":{"rendered":"<p>Nj\u00eb aksident i r\u00ebnd\u00eb \u00ebsht\u00eb sh\u00ebnuar dit\u00ebn e sotme n\u00eb Kuk\u00ebs.<\/p>\n<p>B\u00ebhet me dije se nj\u00eb mjet ka humbur kontrollin dhe ka dal\u00eb nga rruga duke p\u00ebrfunduar n\u00eb liqenin e Fierz\u00ebs.<\/p>\n<p>N\u00eb makin\u00eb ndodhej babai dhe djali. Si pasoj\u00eb e aksidentit ka humbur jet\u00ebn Sul Demnushi, rreth 55 vje\u00e7, nd\u00ebrsa ka shp\u00ebtuar djali i tij.<\/p>\n<p>Policia ndodhet n\u00eb vendin e ngjarjes dhe po punon p\u00ebr zbardhjen e plot\u00eb t\u00eb rrethanave t\u00eb aksiden<\/p>\n","protected":false},"excerpt":{"rendered":"<p>Nj\u00eb aksident i r\u00ebnd\u00eb \u00ebsht\u00eb sh\u00ebnuar dit\u00ebn e sotme n\u00eb Kuk\u00ebs. B\u00ebhet me dije se nj\u00eb mjet ka humbur kontrollin dhe ka dal\u00eb nga rruga duke p\u00ebrfunduar n\u00eb liqenin e Fierz\u00ebs. N\u00eb makin\u00eb ndodhej babai dhe djali. Si pasoj\u00eb e aksidentit ka humbur jet\u00ebn Sul Demnushi, rreth 55 vje\u00e7, nd\u00ebrsa ka shp\u00ebtuar djali i tij. [&hellip;]<\/p>\n","protected":false},"author":2031,"featured_media":251810,"comment_status":"closed","ping_status":"closed","sticky":false,"template":"","format":"standard","meta":{"footnotes":""},"categories":[241,231,235],"tags":[],"class_list":{"0":"post-251808","1":"post","2":"type-post","3":"status-publish","4":"format-standard","5":"has-post-thumbnail","7":"category-aktualitet","8":"category-lajme","9":"category-vendi"},"_links":{"self":[{"href":"https:\/\/zjarr.tv\/sq\/wp-json\/wp\/v2\/posts\/251808","targetHints":{"allow":["GET"]}}],"collection":[{"href":"https:\/\/zjarr.tv\/sq\/wp-json\/wp\/v2\/posts"}],"about":[{"href":"https:\/\/zjarr.tv\/sq\/wp-json\/wp\/v2\/types\/post"}],"author":[{"embeddable":true,"href":"https:\/\/zjarr.tv\/sq\/wp-json\/wp\/v2\/users\/2031"}],"replies":[{"embeddable":true,"href":"https:\/\/zjarr.tv\/sq\/wp-json\/wp\/v2\/comments?post=251808"}],"version-history":[{"count":0,"href":"https:\/\/zjarr.tv\/sq\/wp-json\/wp\/v2\/posts\/251808\/revisions"}],"wp:featuredmedia":[{"embeddable":true,"href":"https:\/\/zjarr.tv\/sq\/wp-json\/wp\/v2\/media\/251810"}],"wp:attachment":[{"href":"https:\/\/zjarr.tv\/sq\/wp-json\/wp\/v2\/media?parent=251808"}],"wp:term":[{"taxonomy":"category","embeddable":true,"href":"https:\/\/zjarr.tv\/sq\/wp-json\/wp\/v2\/categories?post=251808"},{"taxonomy":"post_tag","embeddable":true,"href":"https:\/\/zjarr.tv\/sq\/wp-json\/wp\/v2\/tags?post=251808"}],"curies":[{"name":"wp","href":"https:\/\/api.w.org\/{rel}","templated":true}]}}