{"id":251824,"date":"2022-04-17T13:50:46","date_gmt":"2022-04-17T11:50:46","guid":{"rendered":"https:\/\/zjarr.tv\/?p=251824"},"modified":"2022-04-17T13:50:46","modified_gmt":"2022-04-17T11:50:46","slug":"percarja-ne-pd-voa-shumica-e-deputeteve-ne-krah-te-alibeajt","status":"publish","type":"post","link":"https:\/\/zjarr.tv\/sq\/percarja-ne-pd-voa-shumica-e-deputeteve-ne-krah-te-alibeajt\/","title":{"rendered":"P\u00ebr\u00e7arja n\u00eb PD, VOA: Shumica e deputet\u00ebve n\u00eb krah t\u00eb Alibeajt"},"content":{"rendered":"<p>N\u00eb Shqip\u00ebri nj\u00eb \u201cPlatform\u00eb parimesh p\u00ebr bashkimin e demokrat\u00ebve\u201d e prezantuar t\u00eb shtun\u00ebn nga kryetari i grupit parlamentar t\u00eb PD, Enkelejd Alibeaj, ka nxjerr\u00eb n\u00eb pah ndarjen e thell\u00eb, q\u00eb ekziston brenda grupit parlamentar t\u00eb PD. T\u00eb pakt\u00ebn 32 deputet\u00eb, q\u00eb p\u00ebrb\u00ebjn\u00eb shumic\u00ebn e grupit, e kan\u00eb firmosur dokumentin, duke d\u00ebshmuar q\u00eb, ndon\u00ebse ka marr\u00eb kontrollin e selis\u00eb s\u00eb partis\u00eb, ish kryeministri Sali Berisha, nuk ka mundur t\u00eb ket\u00eb mb\u00ebshtetjen e gjer\u00eb t\u00eb deputet\u00ebve, edhe pas dor\u00ebheqjes s\u00eb ish kryetarit Lulzim Basha.<\/p>\n<p>Demokrat\u00ebt num\u00ebrojn\u00eb 59 mandate, nga t\u00eb cilat 6 i p\u00ebrkasin aleat\u00ebve t\u00eb saj, t\u00eb cil\u00ebt kan\u00eb q\u00ebndruar larg p\u00ebrplasjeve t\u00eb forta n\u00eb PD. Zoti Berisha duket se ka mb\u00ebshtetjen e t\u00eb pakt\u00ebn 15 deputet\u00ebve, nd\u00ebrsa nj\u00eb grup i vog\u00ebl q\u00ebndron ende i parreshtuar haptazi.<\/p>\n<p>Platforma k\u00ebrkon qartazi nd\u00ebrprerjen e procesve t\u00eb nisura nga zoti Berisha dhe mb\u00ebshtet\u00ebsit e tij, duke nisur q\u00eb nga zgjedhjet e drejtuesve vendor\u00eb q\u00eb po mbahen n\u00eb deg\u00ebt e partis\u00eb. Nga ana tjet\u00ebr propozohet ngritja e nj\u00eb grupi pune t\u00eb p\u00ebrbashk\u00ebt me deputet\u00eb \u201cp\u00ebr hartimin dhe ndjekjen e zbatimit t\u00eb planit t\u00eb detajuar p\u00ebr realizimin e proceseve t\u00eb zgjedhjeve dhe organizimit t\u00eb partis\u00eb\u201d.<\/p>\n<p>\u201cAktet e nj\u00ebanshme, rruga e nj\u00ebanshme, proceset e nj\u00ebanshme dhe p\u00ebrjashtuese p\u00ebr mij\u00ebra e mij\u00ebra demokrat\u00eb, nuk i sh\u00ebrbejn\u00eb PD, e p\u00ebr rrjedhoj\u00eb as interesit t\u00eb demokrat\u00ebve\u201d, deklaroi zoti Alibeaj.<\/p>\n<p>Por reagimi ndaj propozimit t\u00eb Platform\u00ebs ishte kategorikisht refuzues. Flamur Noka, an\u00ebtar i Komisionit t\u00eb Rithemelimit, deklaroi se \u201cjemi t\u00eb gatsh\u00ebm q\u00eb me grupe auditi t\u00eb verifikohet \u00e7do procedur\u00eb zgjedhore, n\u00ebse \u00ebsht\u00eb zhvilluar konform statutit t\u00eb PD miratuar n\u00eb Kuvendin Komb\u00ebtar t\u00eb 11 dhjetor 2021 dhe udh\u00ebzimeve p\u00ebrkat\u00ebse. Por n\u00eb asnj\u00eb rast, dhe n\u00eb asnj\u00eb rrethan\u00eb, procesi i nisur prej muajsh nga Kuvendi i 11 Dhjetorit dhe i rikonfirmuar bindsh\u00ebm nga vota e demokrat\u00ebve n\u00eb zgjedhjet e 6 marsit, nuk do t\u00eb ndaloj\u00eb\u201d.<\/p>\n<p>Nj\u00eb dit\u00eb m\u00eb par\u00eb dhe ish kryeministri Sali Berisha i kishte paraprir\u00eb k\u00ebtij q\u00ebndrimi: \u201cKa nj\u00eb parim themelor, grupi parlamentar \u00ebsht\u00eb grupi i PD dhe jo PD, e grupit parlamentar. Jan\u00eb gj\u00ebra k\u00ebto, t\u00eb cilat ndahen n\u00eb themel. Deputet\u00ebt e PD-s\u00eb jan\u00eb, ose do t\u00eb jen\u00eb sipas statutit t\u00eb ri, an\u00ebtar\u00eb t\u00eb K\u00ebshillit Komb\u00ebtar si dhe an\u00ebtar\u00eb t\u00eb kryesive t\u00eb deg\u00ebve n\u00eb zonat ku ata jan\u00eb deputet\u00eb. Por strukturat e partis\u00eb si\u00e7 do t\u00eb zgjedhin deputet\u00ebt n\u00eb primare, zgjedhin organet e tyre drejtuese. K\u00ebshtu q\u00eb, nuk ka asnj\u00eb komision q\u00eb mund t\u2019u diktoj\u00eb atyre deg\u00ebve q\u00eb t\u00eb zhb\u00ebjn\u00eb zgjedhjet q\u00eb kan\u00eb b\u00ebr\u00eb\u201d.<\/p>\n<p>P\u00ebr m\u00eb tep\u00ebr, ankimimi n\u00eb Apel i vendimit q\u00eb mori Gjykata e Tiran\u00ebs, duke njohur aktet e Kuvendit t\u00eb 11 dhjetorit, t\u00eb thirrur nga zoti Berisha dhe mb\u00ebshtet\u00ebsit e tij, e kan\u00eb kthyer zotin Alibeaj n\u00eb nj\u00eb tabel\u00eb qitjeje nga ish kryeministri, duke e akuzuar at\u00eb se po punon p\u00ebr interesat e Bash\u00ebs, por dhe t\u00eb kryeministrit Rama. Zoti Alibeaj, ka qen\u00eb haptazi n\u00eb p\u00ebrballje me zotin Berisha, nd\u00ebrsa \u00ebsht\u00eb shprehur publikisht se PD-ja nuk mund t\u00eb udh\u00ebhiqet nga nj\u00eb person i shpallur \u201cnon grata\u201d nga Shtetet e Bashkuara.<\/p>\n<p>Zoti Alibeaj reagoi ndaj q\u00ebndrimit t\u00eb Komisionit t\u00eb Rithemelimit. P\u00ebrmes nj\u00eb statusi n\u00eb Facebook, ai u shpreh se \u201crefuzimi i paralajm\u00ebruar i k\u00ebrkes\u00ebs s\u00eb shumic\u00ebs d\u00ebrrmuese t\u00eb Grupit Parlamentar p\u00ebr bashkim, vijimi me agjend\u00ebn e parap\u00ebrcaktuar si dhe mungesa e nj\u00eb reflektimi p\u00ebr situat\u00ebn ku ndodhet sot PD \u00ebsht\u00eb d\u00ebshmi e qart\u00eb e faktit se kujt grupimi i interesojn\u00eb demokrat\u00ebt dhe kush priret t\u00eb ndjek\u00eb verbazi udh\u00ebzimet e idhujve. 32 deputet\u00eb t\u00eb grupit parlamentar t\u00eb PD jan\u00eb jo vet\u00ebm vota por dhe z\u00ebri i demokrat\u00ebve q\u00eb sot m\u00eb shum\u00eb se kurr\u00eb duan t\u00eb ndalet procesi i p\u00ebr\u00e7arjes dhe t\u00eb nis\u00eb bashkimi i v\u00ebrtet\u00eb\u201d, u shpreh zoti Alibeaj.\/ VOA<\/p>\n","protected":false},"excerpt":{"rendered":"<p>N\u00eb Shqip\u00ebri nj\u00eb \u201cPlatform\u00eb parimesh p\u00ebr bashkimin e demokrat\u00ebve\u201d e prezantuar t\u00eb shtun\u00ebn nga kryetari i grupit parlamentar t\u00eb PD, Enkelejd Alibeaj, ka nxjerr\u00eb n\u00eb pah ndarjen e thell\u00eb, q\u00eb ekziston brenda grupit parlamentar t\u00eb PD. T\u00eb pakt\u00ebn 32 deputet\u00eb, q\u00eb p\u00ebrb\u00ebjn\u00eb shumic\u00ebn e grupit, e kan\u00eb firmosur dokumentin, duke d\u00ebshmuar q\u00eb, ndon\u00ebse ka marr\u00eb [&hellip;]<\/p>\n","protected":false},"author":2030,"featured_media":251825,"comment_status":"closed","ping_status":"closed","sticky":false,"template":"","format":"standard","meta":{"footnotes":""},"categories":[241,5380,231],"tags":[],"class_list":{"0":"post-251824","1":"post","2":"type-post","3":"status-publish","4":"format-standard","5":"has-post-thumbnail","7":"category-aktualitet","8":"category-kryesore","9":"category-lajme"},"_links":{"self":[{"href":"https:\/\/zjarr.tv\/sq\/wp-json\/wp\/v2\/posts\/251824","targetHints":{"allow":["GET"]}}],"collection":[{"href":"https:\/\/zjarr.tv\/sq\/wp-json\/wp\/v2\/posts"}],"about":[{"href":"https:\/\/zjarr.tv\/sq\/wp-json\/wp\/v2\/types\/post"}],"author":[{"embeddable":true,"href":"https:\/\/zjarr.tv\/sq\/wp-json\/wp\/v2\/users\/2030"}],"replies":[{"embeddable":true,"href":"https:\/\/zjarr.tv\/sq\/wp-json\/wp\/v2\/comments?post=251824"}],"version-history":[{"count":0,"href":"https:\/\/zjarr.tv\/sq\/wp-json\/wp\/v2\/posts\/251824\/revisions"}],"wp:featuredmedia":[{"embeddable":true,"href":"https:\/\/zjarr.tv\/sq\/wp-json\/wp\/v2\/media\/251825"}],"wp:attachment":[{"href":"https:\/\/zjarr.tv\/sq\/wp-json\/wp\/v2\/media?parent=251824"}],"wp:term":[{"taxonomy":"category","embeddable":true,"href":"https:\/\/zjarr.tv\/sq\/wp-json\/wp\/v2\/categories?post=251824"},{"taxonomy":"post_tag","embeddable":true,"href":"https:\/\/zjarr.tv\/sq\/wp-json\/wp\/v2\/tags?post=251824"}],"curies":[{"name":"wp","href":"https:\/\/api.w.org\/{rel}","templated":true}]}}