{"id":251840,"date":"2022-04-17T13:59:42","date_gmt":"2022-04-17T11:59:42","guid":{"rendered":"https:\/\/zjarr.tv\/?p=251840"},"modified":"2022-04-17T13:59:42","modified_gmt":"2022-04-17T11:59:42","slug":"nga-gjirokastra-ne-kukes-zgjidhen-sot-kryetaret-e-18-degeve-te-pd","status":"publish","type":"post","link":"https:\/\/zjarr.tv\/sq\/nga-gjirokastra-ne-kukes-zgjidhen-sot-kryetaret-e-18-degeve-te-pd\/","title":{"rendered":"Nga Gjirokastra n\u00eb Kuk\u00ebs, zgjidhen sot kryetar\u00ebt e 18 deg\u00ebve t\u00eb PD"},"content":{"rendered":"<p>Demokrat\u00ebt n\u00eb 18 deg\u00eb do t\u00eb zgjedhin sot kryetarin e ri t\u00eb Partis\u00eb Demokratike.<\/p>\n<p>Me an\u00eb t\u00eb nj\u00eb njoftimi Komisioni i Rithemelimit njofton se zgjedhjet sot do t\u00eb zhvillohen n\u00eb C\u00ebrrik, Patos, Gjirokast\u00ebr, P\u00ebrmet, K\u00eblcyr,\u00a0 Memaliaj, Tepelen\u00eb, Pogradec, Kuk\u00ebs, Has, Tirana 3, Tirana 9, Tirana 13, Kam\u00ebz, Kavaj\u00eb, Vlor\u00eb, Delvin\u00eb dhe Sarand\u00eb.<\/p>\n<p>Procesi i votimit \u00ebsht\u00eb hapur n\u00eb or\u00ebn 8.00 e do t\u00eb mbyllet n\u00eb or\u00ebn 18.00. N\u00eb rast se n\u00eb Qendrat e Votimit do t\u00eb ket\u00eb ende votues, procesi do t\u00eb vijoj\u00eb edhe pas or\u00ebs 18.00.<\/p>\n<p>Zgjedhja e kryetarit t\u00eb deg\u00ebs do t\u00eb b\u00ebhet sipas parimit \u201cnj\u00eb an\u00ebtar nj\u00eb vot\u00eb\u201d.<\/p>\n<p>Njoftimi i plot\u00eb:<\/p>\n<p>Njoftim i Komisionit t\u00eb Organizimit dhe Kontrollit t\u00eb Operacioneve Elektorale t\u00eb Partis\u00eb Demokratike<\/p>\n<p>Komisioni i Organizimit dhe Kontrollit t\u00eb Operacioneve Elektorale t\u00eb Partis\u00eb Demokratike njofton q\u00eb dit\u00ebn e djell, dt 17 prill 2022, do t\u00eb zhvillohen zgjedhjet p\u00ebr Kryetar n\u00eb 18 deg\u00eb t\u00eb PD.<\/p>\n<p>Procesi i votimit \u00ebsht\u00eb hapur n\u00eb or\u00ebn 8.00 e do t\u00eb mbyllet n\u00eb or\u00ebn 18.00. N\u00eb rast se n\u00eb Qendrat e Votimit do t\u00eb ket\u00eb ende votues, procesi do t\u00eb vijoj\u00eb edhe pas or\u00ebs 18.00, deri kur edhe an\u00ebtari i fundit i PD s\u00eb deg\u00ebs p\u00ebrkat\u00ebse t\u00eb ket\u00eb votuar. P\u00ebr shtyrjen e votimit do t\u00eb njoftohet Komisioni i Organizimit dhe Kontrollit t\u00eb Operacioneve Elektorale.<\/p>\n<p>Deg\u00ebt ku sot zhvillohen zgjedhje jan\u00eb si m\u00eb posht\u00eb vijon:<\/p>\n<p>1.C\u00ebrrik<\/p>\n<ol start=\"2\">\n<li>Patos<\/li>\n<li>Gjirokast\u00ebr<\/li>\n<li>P\u00ebrmet<\/li>\n<li>K\u00eblcyr\u00eb<\/li>\n<li>Memaliaj<\/li>\n<li>Tepelen\u00eb<\/li>\n<li>Pogradec<\/li>\n<li>Kuk\u00ebs<\/li>\n<li>Has<\/li>\n<li>Tirana 3<\/li>\n<li>Tirana 9<\/li>\n<li>Tirana 13<\/li>\n<li>Kam\u00ebz<\/li>\n<li>Kavaj\u00eb<\/li>\n<li>Vlor\u00eb<\/li>\n<li>Delvin\u00eb<\/li>\n<li>Sarand\u00eb<\/li>\n<\/ol>\n<p>Komisioni do t\u00eb informoj\u00eb n\u00eb vijim p\u00ebr ecurin\u00eb e procesit zgjedhor.<\/p>\n<p>Komisioni i Organizimit dhe Kontrollit t\u00eb Operacioneve Elektorale fton t\u00eb gjith\u00eb an\u00ebtar\u00ebt e PD t\u00eb deg\u00ebve t\u00eb sip\u00ebrp\u00ebrmendura t\u00eb b\u00ebhen pjes\u00eb e procesit t\u00eb votimit p\u00ebr zgjedhjen e Kryetarit t\u00eb deg\u00ebs s\u00eb tyre sipas parimit \u201cnj\u00eb an\u00ebtar nj\u00eb vot\u00eb\u201d, p\u00ebr nj\u00eb Parti Demokratike m\u00eb t\u00eb bashkuar, m\u00eb t\u00eb fort\u00eb e m\u00eb t\u00eb hapur.<\/p>\n","protected":false},"excerpt":{"rendered":"<p>Demokrat\u00ebt n\u00eb 18 deg\u00eb do t\u00eb zgjedhin sot kryetarin e ri t\u00eb Partis\u00eb Demokratike. Me an\u00eb t\u00eb nj\u00eb njoftimi Komisioni i Rithemelimit njofton se zgjedhjet sot do t\u00eb zhvillohen n\u00eb C\u00ebrrik, Patos, Gjirokast\u00ebr, P\u00ebrmet, K\u00eblcyr,\u00a0 Memaliaj, Tepelen\u00eb, Pogradec, Kuk\u00ebs, Has, Tirana 3, Tirana 9, Tirana 13, Kam\u00ebz, Kavaj\u00eb, Vlor\u00eb, Delvin\u00eb dhe Sarand\u00eb. Procesi i votimit [&hellip;]<\/p>\n","protected":false},"author":2030,"featured_media":251842,"comment_status":"closed","ping_status":"closed","sticky":false,"template":"","format":"standard","meta":{"footnotes":""},"categories":[241,5380,231,1454],"tags":[],"class_list":{"0":"post-251840","1":"post","2":"type-post","3":"status-publish","4":"format-standard","5":"has-post-thumbnail","7":"category-aktualitet","8":"category-kryesore","9":"category-lajme","10":"category-politike"},"_links":{"self":[{"href":"https:\/\/zjarr.tv\/sq\/wp-json\/wp\/v2\/posts\/251840","targetHints":{"allow":["GET"]}}],"collection":[{"href":"https:\/\/zjarr.tv\/sq\/wp-json\/wp\/v2\/posts"}],"about":[{"href":"https:\/\/zjarr.tv\/sq\/wp-json\/wp\/v2\/types\/post"}],"author":[{"embeddable":true,"href":"https:\/\/zjarr.tv\/sq\/wp-json\/wp\/v2\/users\/2030"}],"replies":[{"embeddable":true,"href":"https:\/\/zjarr.tv\/sq\/wp-json\/wp\/v2\/comments?post=251840"}],"version-history":[{"count":0,"href":"https:\/\/zjarr.tv\/sq\/wp-json\/wp\/v2\/posts\/251840\/revisions"}],"wp:featuredmedia":[{"embeddable":true,"href":"https:\/\/zjarr.tv\/sq\/wp-json\/wp\/v2\/media\/251842"}],"wp:attachment":[{"href":"https:\/\/zjarr.tv\/sq\/wp-json\/wp\/v2\/media?parent=251840"}],"wp:term":[{"taxonomy":"category","embeddable":true,"href":"https:\/\/zjarr.tv\/sq\/wp-json\/wp\/v2\/categories?post=251840"},{"taxonomy":"post_tag","embeddable":true,"href":"https:\/\/zjarr.tv\/sq\/wp-json\/wp\/v2\/tags?post=251840"}],"curies":[{"name":"wp","href":"https:\/\/api.w.org\/{rel}","templated":true}]}}