{"id":251849,"date":"2022-04-17T14:06:02","date_gmt":"2022-04-17T12:06:02","guid":{"rendered":"https:\/\/zjarr.tv\/?p=251849"},"modified":"2022-04-17T14:06:02","modified_gmt":"2022-04-17T12:06:02","slug":"ulur-prane-qytetareve-yuri-kim-merr-pjese-ne-meshen-per-pashke-ne-katedralen-e-shen-palit-ne-tirane","status":"publish","type":"post","link":"https:\/\/zjarr.tv\/sq\/ulur-prane-qytetareve-yuri-kim-merr-pjese-ne-meshen-per-pashke-ne-katedralen-e-shen-palit-ne-tirane\/","title":{"rendered":"Ulur pran\u00eb qytetar\u00ebve, Yuri Kim merr pjes\u00eb n\u00eb mesh\u00ebn p\u00ebr Pashk\u00eb n\u00eb Katedralen e Sh\u00ebn Palit n\u00eb Tiran\u00eb"},"content":{"rendered":"<p>Sot \u00ebsht\u00eb dita e Ringjalljes s\u00eb Krishtit p\u00ebr t\u00eb gjith\u00eb besimtar\u00ebt katolik\u00eb q\u00eb festojn\u00eb Pashk\u00ebt.<\/p>\n<p>Paraditen e sotme \u00ebsht\u00eb mbajtur edhe mesha n\u00eb Katedralen e Sh\u00ebn Palit n\u00eb Tiran\u00eb. E pranishme n\u00eb k\u00ebt\u00eb mesh\u00eb ka qen\u00eb edhe ambasadorja e SHBA n\u00eb Tiran\u00eb, Yuri Kim.<\/p>\n<p>Ajo shihet e ulur n\u00eb Kish\u00eb mes qytetar\u00ebve teksa\u00a0 mbahet mesha. M\u00eb her\u00ebt ambasadorja ka p\u00ebrcjell\u00eb edhe nj\u00eb mesazh p\u00ebr t\u00eb gjith\u00eb besimtar\u00ebt katolik\u00eb, teksa u ka uruar paqe dhe shpres\u00eb n\u00eb familje.<\/p>\n","protected":false},"excerpt":{"rendered":"<p>Sot \u00ebsht\u00eb dita e Ringjalljes s\u00eb Krishtit p\u00ebr t\u00eb gjith\u00eb besimtar\u00ebt katolik\u00eb q\u00eb festojn\u00eb Pashk\u00ebt. Paraditen e sotme \u00ebsht\u00eb mbajtur edhe mesha n\u00eb Katedralen e Sh\u00ebn Palit n\u00eb Tiran\u00eb. E pranishme n\u00eb k\u00ebt\u00eb mesh\u00eb ka qen\u00eb edhe ambasadorja e SHBA n\u00eb Tiran\u00eb, Yuri Kim. Ajo shihet e ulur n\u00eb Kish\u00eb mes qytetar\u00ebve teksa\u00a0 mbahet mesha. [&hellip;]<\/p>\n","protected":false},"author":2030,"featured_media":251851,"comment_status":"closed","ping_status":"closed","sticky":false,"template":"","format":"standard","meta":{"footnotes":""},"categories":[241,5380,231],"tags":[],"class_list":{"0":"post-251849","1":"post","2":"type-post","3":"status-publish","4":"format-standard","5":"has-post-thumbnail","7":"category-aktualitet","8":"category-kryesore","9":"category-lajme"},"_links":{"self":[{"href":"https:\/\/zjarr.tv\/sq\/wp-json\/wp\/v2\/posts\/251849","targetHints":{"allow":["GET"]}}],"collection":[{"href":"https:\/\/zjarr.tv\/sq\/wp-json\/wp\/v2\/posts"}],"about":[{"href":"https:\/\/zjarr.tv\/sq\/wp-json\/wp\/v2\/types\/post"}],"author":[{"embeddable":true,"href":"https:\/\/zjarr.tv\/sq\/wp-json\/wp\/v2\/users\/2030"}],"replies":[{"embeddable":true,"href":"https:\/\/zjarr.tv\/sq\/wp-json\/wp\/v2\/comments?post=251849"}],"version-history":[{"count":0,"href":"https:\/\/zjarr.tv\/sq\/wp-json\/wp\/v2\/posts\/251849\/revisions"}],"wp:featuredmedia":[{"embeddable":true,"href":"https:\/\/zjarr.tv\/sq\/wp-json\/wp\/v2\/media\/251851"}],"wp:attachment":[{"href":"https:\/\/zjarr.tv\/sq\/wp-json\/wp\/v2\/media?parent=251849"}],"wp:term":[{"taxonomy":"category","embeddable":true,"href":"https:\/\/zjarr.tv\/sq\/wp-json\/wp\/v2\/categories?post=251849"},{"taxonomy":"post_tag","embeddable":true,"href":"https:\/\/zjarr.tv\/sq\/wp-json\/wp\/v2\/tags?post=251849"}],"curies":[{"name":"wp","href":"https:\/\/api.w.org\/{rel}","templated":true}]}}