{"id":251859,"date":"2022-04-17T14:13:10","date_gmt":"2022-04-17T12:13:10","guid":{"rendered":"https:\/\/zjarr.tv\/?p=251859"},"modified":"2022-04-17T14:13:10","modified_gmt":"2022-04-17T12:13:10","slug":"zgjedhjet-ne-pd-komisioni-i-rithemelimit-publikon-emrat-keta-jane-kryetaret-e-rinj-te-9-degeve","status":"publish","type":"post","link":"https:\/\/zjarr.tv\/sq\/zgjedhjet-ne-pd-komisioni-i-rithemelimit-publikon-emrat-keta-jane-kryetaret-e-rinj-te-9-degeve\/","title":{"rendered":"Zgjedhjet n\u00eb PD, Komisioni i Rithemelimit publikon emrat: K\u00ebta jan\u00eb kryetar\u00ebt e rinj t\u00eb 9 deg\u00ebve"},"content":{"rendered":"<p>Komisioni i Rithemelimit njofton n\u00eb lidhje me procesin e votimit q\u00eb u mbajt dje n\u00eb 9 deg\u00eb t\u00eb PD, ku demokrat\u00ebt zgjodh\u00ebn kryetarin.<\/p>\n<p>B\u00ebhet me dije se procesi u hap n\u00eb or\u00ebn 8.00 dhe u mbyll n\u00eb pjes\u00ebn m\u00eb t\u00eb madhe t\u00eb deg\u00ebve n\u00eb or\u00ebn 18.00, p\u00ebr shkak t\u00eb num\u00ebrit t\u00eb lart\u00eb t\u00eb votuesve.<\/p>\n<p>Kryetar\u00eb t\u00eb deg\u00ebve t\u00eb PD u shpall\u00ebn: Onelda Zefi p\u00ebr Dega 6 Tiran\u00eb, Skrapar Hajredin Bakiasi, Dega 16 Tiran\u00eb, Eduard Rexha,\u00a0 Dega Paskuqan, Anton Pjet\u00ebrnikaj, Dega 10 Tiran\u00eb,\u00a0 Andi Beliu,\u00a0 Dega PD Kucov\u00eb Myslim Haxhi, Dega PD Elbasan, Blendi Himci, Dega PD Tropoj\u00eb Besnik Dushaj,\u00a0 Dega PD Tirana 11, Shk\u00eblqen Mustafa.<\/p>\n<p>Njoftimi i plot\u00eb:<\/p>\n<p>Njoftim i Komisionit t\u00eb Organizimit dhe Kontrollit t\u00eb Operacioneve Elektorale t\u00eb Partis\u00eb Demokratike<\/p>\n<p>Komisioni i Organizimit dhe Kontrollit t\u00eb Operacioneve Elektorale t\u00eb Partis\u00eb Demokratike njofton q\u00eb dit\u00ebn e shtun\u00eb, dt 16 prill 2022, u mbajt\u00ebn zgjedhjet n\u00eb 9 deg\u00eb t\u00eb PD.<\/p>\n<p>Procesi u hap n\u00eb or\u00ebn 8.00 dhe u mbyll n\u00eb pjes\u00ebn m\u00eb t\u00eb madhe t\u00eb deg\u00ebve n\u00eb or\u00ebn 18.00. P\u00ebr shkak t\u00eb num\u00ebrit t\u00eb lart\u00eb t\u00eb votuesve, n\u00eb deg\u00ebt e Kucov\u00ebs, Tropoj\u00ebs dhe Tirana 11, procesi vijoi deri sa edhe an\u00ebtarit t\u00eb fundit t\u2019i jepej e drejta e vot\u00ebs.<\/p>\n<p>Pas num\u00ebrimit t\u00eb flet\u00ebve t\u00eb votimit, sipas procesverbaleve zyrtare t\u00eb mb\u00ebrritura nga Komisionet e votimit n\u00eb deg\u00eb, Kryetar\u00eb t\u00eb deg\u00ebve t\u00eb PD u shpall\u00ebn si m\u00eb posht\u00eb:<\/p>\n<ol>\n<li>Dega 6 Tiran\u00eb:<\/li>\n<\/ol>\n<p>Mor\u00ebn pjes\u00eb n\u00eb gar\u00eb dy kandidat\u00eb.<\/p>\n<p>Fituese u shpall znj. Onelda Zefi me 79.7% t\u00eb votave<\/p>\n<ol start=\"2\">\n<li>Dega PD Skrapar:<\/li>\n<\/ol>\n<p>Mor\u00ebn pjes\u00eb n\u00eb gar\u00eb dy kandidat\u00eb.<\/p>\n<p>Fitues u shpall z. Hajredin Bakiasi me 69% t\u00eb votave<\/p>\n<ol start=\"3\">\n<li>Dega 16 Tiran\u00eb:<\/li>\n<\/ol>\n<p>Mor\u00ebn pjes\u00eb n\u00eb gar\u00eb tre kandidat\u00eb.<\/p>\n<p>Fitues u shpall z. Eduard Rexha me 69.7% t\u00eb votave<\/p>\n<ol start=\"4\">\n<li>Dega Paskuqan:<\/li>\n<\/ol>\n<p>Mor\u00ebn pjes\u00eb n\u00eb gar\u00eb dy kandidat\u00eb.<\/p>\n<p>Fitues u shpall z. Anton Pjet\u00ebrnikaj me 86% t\u00eb votive<\/p>\n<ol start=\"5\">\n<li>Dega 10 Tiran\u00eb:<\/li>\n<\/ol>\n<p>Mor\u00ebn pjes\u00eb n\u00eb gar\u00eb tre kandidat\u00eb.<\/p>\n<p>Fitues u shpall z. Andi Beliu me 65% t\u00eb votive<\/p>\n<ol start=\"6\">\n<li>Dega PD Kucov\u00eb:<\/li>\n<\/ol>\n<p>Mor\u00ebn pjes\u00eb n\u00eb gar\u00eb dy kandidat\u00eb.<\/p>\n<p>Fitues u shpall z. Myslim Haxhi, me 57% t\u00eb votive<\/p>\n<ol start=\"7\">\n<li>Dega PD Elbasan:<\/li>\n<\/ol>\n<p>Mor\u00ebn pjes\u00eb n\u00eb gar\u00eb pes\u00eb kandidat\u00eb.<\/p>\n<p>Fitues u shpall z. Blendi Himci, me 66% t\u00eb votive<\/p>\n<ol start=\"8\">\n<li>Dega PD Tropoj\u00eb:<\/li>\n<\/ol>\n<p>Mor\u00ebn pjes\u00eb n\u00eb gar\u00eb tre kandidat\u00eb.<\/p>\n<p>Fitues u shpall z. Besnik Dushaj, me 54% t\u00eb votive<\/p>\n<ol start=\"9\">\n<li>Dega PD Tirana 11:<\/li>\n<\/ol>\n<p>Mor\u00ebn pjes\u00eb n\u00eb gar\u00eb kat\u00ebr kandidat\u00eb.<\/p>\n<p>Fitues u shpall z. Shk\u00eblqen Mustafa me 48% t\u00eb votave.<\/p>\n<p>Komisioni i Organizimit dhe Kontrollit t\u00eb Operacioneve Elektorale falenderon t\u00eb gjith\u00eb an\u00ebtar\u00ebt q\u00eb u b\u00ebn\u00eb pjes\u00eb e procesit t\u00eb votimit p\u00ebr zgjedhjen e Kryetarit t\u00eb deg\u00ebs s\u00eb tyre sipas parimit \u201cnj\u00eb an\u00ebtar nj\u00eb vot\u00eb\u201d, p\u00ebr nj\u00eb Parti Demokratike m\u00eb t\u00eb bashkuar, m\u00eb t\u00eb fort\u00eb e m\u00eb t\u00eb hapur.<\/p>\n","protected":false},"excerpt":{"rendered":"<p>Komisioni i Rithemelimit njofton n\u00eb lidhje me procesin e votimit q\u00eb u mbajt dje n\u00eb 9 deg\u00eb t\u00eb PD, ku demokrat\u00ebt zgjodh\u00ebn kryetarin. B\u00ebhet me dije se procesi u hap n\u00eb or\u00ebn 8.00 dhe u mbyll n\u00eb pjes\u00ebn m\u00eb t\u00eb madhe t\u00eb deg\u00ebve n\u00eb or\u00ebn 18.00, p\u00ebr shkak t\u00eb num\u00ebrit t\u00eb lart\u00eb t\u00eb votuesve. Kryetar\u00eb [&hellip;]<\/p>\n","protected":false},"author":2030,"featured_media":251860,"comment_status":"closed","ping_status":"closed","sticky":false,"template":"","format":"standard","meta":{"footnotes":""},"categories":[241,1454],"tags":[],"class_list":{"0":"post-251859","1":"post","2":"type-post","3":"status-publish","4":"format-standard","5":"has-post-thumbnail","7":"category-aktualitet","8":"category-politike"},"_links":{"self":[{"href":"https:\/\/zjarr.tv\/sq\/wp-json\/wp\/v2\/posts\/251859","targetHints":{"allow":["GET"]}}],"collection":[{"href":"https:\/\/zjarr.tv\/sq\/wp-json\/wp\/v2\/posts"}],"about":[{"href":"https:\/\/zjarr.tv\/sq\/wp-json\/wp\/v2\/types\/post"}],"author":[{"embeddable":true,"href":"https:\/\/zjarr.tv\/sq\/wp-json\/wp\/v2\/users\/2030"}],"replies":[{"embeddable":true,"href":"https:\/\/zjarr.tv\/sq\/wp-json\/wp\/v2\/comments?post=251859"}],"version-history":[{"count":0,"href":"https:\/\/zjarr.tv\/sq\/wp-json\/wp\/v2\/posts\/251859\/revisions"}],"wp:featuredmedia":[{"embeddable":true,"href":"https:\/\/zjarr.tv\/sq\/wp-json\/wp\/v2\/media\/251860"}],"wp:attachment":[{"href":"https:\/\/zjarr.tv\/sq\/wp-json\/wp\/v2\/media?parent=251859"}],"wp:term":[{"taxonomy":"category","embeddable":true,"href":"https:\/\/zjarr.tv\/sq\/wp-json\/wp\/v2\/categories?post=251859"},{"taxonomy":"post_tag","embeddable":true,"href":"https:\/\/zjarr.tv\/sq\/wp-json\/wp\/v2\/tags?post=251859"}],"curies":[{"name":"wp","href":"https:\/\/api.w.org\/{rel}","templated":true}]}}