{"id":251863,"date":"2022-04-17T15:15:54","date_gmt":"2022-04-17T13:15:54","guid":{"rendered":"https:\/\/zjarr.tv\/?p=251863"},"modified":"2022-04-17T15:15:54","modified_gmt":"2022-04-17T13:15:54","slug":"apeli-i-posacem-e-denoi-me-2-vite-burg-adriatik-llalla-kerkon-nga-gjykata-e-larte-pezullimin-e-vendimit-caktohet-data-e-seances","status":"publish","type":"post","link":"https:\/\/zjarr.tv\/sq\/apeli-i-posacem-e-denoi-me-2-vite-burg-adriatik-llalla-kerkon-nga-gjykata-e-larte-pezullimin-e-vendimit-caktohet-data-e-seances\/","title":{"rendered":"Apeli i Posa\u00e7\u00ebm e d\u00ebnoi me 2 vite burg, Adriatik Llalla k\u00ebrkon nga Gjykata e Lart\u00eb pezullimin e vendimit, caktohet data e seanc\u00ebs"},"content":{"rendered":"<p>Ish-Kryeprokurori Adriatik Llalla, i d\u00ebnuar me 2 vite burg nga Gjykata e Posa\u00e7me e Apelit, ka k\u00ebrkuar nga Gjykata e Lart\u00eb q\u00eb ta pezulloj\u00eb k\u00ebt\u00eb vendim. Seanca \u00ebsht\u00eb vendosur t\u00eb mbahet n\u00eb 22 prill dhe relatori i \u00e7\u00ebshtjes do t\u00eb jet\u00eb Ilir Panda.<\/p>\n<p>N\u00eb k\u00ebrkes\u00ebn e tij thuhet se d\u00ebnimi i kryer n\u00eb qelit\u00eb e burgut mund t\u2019i sillte pasoja p\u00ebr sh\u00ebndetin, p\u00ebr shkak t\u00eb nj\u00eb s\u00ebmundje nga e cila vuan prej koh\u00ebsh.<\/p>\n<p>Adriatik Llalla \u00ebsht\u00eb d\u00ebnuar me 2 vite burg dhe 5 vite p\u00ebrjashtim nga sh\u00ebrbimet publike, p\u00ebr fshehjen e pasuris\u00eb n\u00eb tre episode.<\/p>\n","protected":false},"excerpt":{"rendered":"<p>Ish-Kryeprokurori Adriatik Llalla, i d\u00ebnuar me 2 vite burg nga Gjykata e Posa\u00e7me e Apelit, ka k\u00ebrkuar nga Gjykata e Lart\u00eb q\u00eb ta pezulloj\u00eb k\u00ebt\u00eb vendim. Seanca \u00ebsht\u00eb vendosur t\u00eb mbahet n\u00eb 22 prill dhe relatori i \u00e7\u00ebshtjes do t\u00eb jet\u00eb Ilir Panda. N\u00eb k\u00ebrkes\u00ebn e tij thuhet se d\u00ebnimi i kryer n\u00eb qelit\u00eb e [&hellip;]<\/p>\n","protected":false},"author":2030,"featured_media":251864,"comment_status":"closed","ping_status":"closed","sticky":false,"template":"","format":"standard","meta":{"footnotes":""},"categories":[241,5380,231],"tags":[],"class_list":{"0":"post-251863","1":"post","2":"type-post","3":"status-publish","4":"format-standard","5":"has-post-thumbnail","7":"category-aktualitet","8":"category-kryesore","9":"category-lajme"},"_links":{"self":[{"href":"https:\/\/zjarr.tv\/sq\/wp-json\/wp\/v2\/posts\/251863","targetHints":{"allow":["GET"]}}],"collection":[{"href":"https:\/\/zjarr.tv\/sq\/wp-json\/wp\/v2\/posts"}],"about":[{"href":"https:\/\/zjarr.tv\/sq\/wp-json\/wp\/v2\/types\/post"}],"author":[{"embeddable":true,"href":"https:\/\/zjarr.tv\/sq\/wp-json\/wp\/v2\/users\/2030"}],"replies":[{"embeddable":true,"href":"https:\/\/zjarr.tv\/sq\/wp-json\/wp\/v2\/comments?post=251863"}],"version-history":[{"count":0,"href":"https:\/\/zjarr.tv\/sq\/wp-json\/wp\/v2\/posts\/251863\/revisions"}],"wp:featuredmedia":[{"embeddable":true,"href":"https:\/\/zjarr.tv\/sq\/wp-json\/wp\/v2\/media\/251864"}],"wp:attachment":[{"href":"https:\/\/zjarr.tv\/sq\/wp-json\/wp\/v2\/media?parent=251863"}],"wp:term":[{"taxonomy":"category","embeddable":true,"href":"https:\/\/zjarr.tv\/sq\/wp-json\/wp\/v2\/categories?post=251863"},{"taxonomy":"post_tag","embeddable":true,"href":"https:\/\/zjarr.tv\/sq\/wp-json\/wp\/v2\/tags?post=251863"}],"curies":[{"name":"wp","href":"https:\/\/api.w.org\/{rel}","templated":true}]}}