{"id":253860,"date":"2022-04-25T15:44:02","date_gmt":"2022-04-25T13:44:02","guid":{"rendered":"https:\/\/zjarr.tv\/?p=253860"},"modified":"2022-04-25T15:44:02","modified_gmt":"2022-04-25T13:44:02","slug":"duket-qartesisht-nje-stanjacion-manjani-shpresojme-qe-perendimi-te-mos-jete-velur-me-demokracine","status":"publish","type":"post","link":"https:\/\/zjarr.tv\/sq\/duket-qartesisht-nje-stanjacion-manjani-shpresojme-qe-perendimi-te-mos-jete-velur-me-demokracine\/","title":{"rendered":"\u201cDuket qart\u00ebsisht nj\u00eb stanjacion\u201d, Manjani: Shpresojm\u00eb q\u00eb per\u00ebndimi t\u00eb mos jet\u00eb velur me demokracin\u00eb"},"content":{"rendered":"<p>Nga Ylli Manjani\/<\/p>\n<p>Ka nj\u00eb gj\u00eb q\u00eb nuk shkon n\u00eb sistemin politik t\u00eb sot\u00ebm. Duket qart\u00ebsisht nj\u00eb stanjacion.<\/p>\n<p>Fjala vjen n\u00eb gjith\u00eb at\u00eb Franc\u00eb vet\u00ebm Macron e Le Penn kan\u00eb mbetur n\u00eb politik\u00eb?! Po n\u00eb gjith\u00eb at\u00eb Angli vet\u00ebm Boris Johnson qenka m\u00eb i zoti?!<\/p>\n<p>E nj\u00ebjta \u00e7udi vihet re kudo n\u00eb Europ\u00eb e n\u00eb Amerik\u00eb. T\u00eb nj\u00ebtjat emra q\u00eb qarkullojn\u00eb n\u00eb piazzat politike t\u00eb vendeve p\u00ebrkat\u00ebse. N\u00eb Amerik\u00eb iku Obama\/Biden erdhi prap Biden\/Obama. Do t\u00eb rikthehet prap Trump, pasi iku nj\u00ebher\u00eb\u2026<\/p>\n<p>Flasim p\u00ebr vende q\u00eb kan\u00eb popullsi t\u00eb madhe. Kan\u00eb shkolla dhe histori politike t\u00eb larmishme dhe t\u00eb pafundme.<\/p>\n<p>Nuk po fus n\u00eb hesap k\u00ebtu ballkanin, q\u00eb kopjon stanjacionin politik per\u00ebndimor por n\u00eb dallim nga Europa, nuk lejon institucionet e pavarura dhe t\u00eb besueshme. P\u00ebrfshi dhe mediat\u2026<\/p>\n<p>Se di por nuk m\u00eb duket hi\u00e7 mir\u00eb kjo pun\u00eb. Shpresojm\u00eb q\u00eb per\u00ebndimi t\u00eb mos jet\u00eb velur me demokracin\u00eb.<\/p>\n","protected":false},"excerpt":{"rendered":"<p>Nga Ylli Manjani\/ Ka nj\u00eb gj\u00eb q\u00eb nuk shkon n\u00eb sistemin politik t\u00eb sot\u00ebm. Duket qart\u00ebsisht nj\u00eb stanjacion. Fjala vjen n\u00eb gjith\u00eb at\u00eb Franc\u00eb vet\u00ebm Macron e Le Penn kan\u00eb mbetur n\u00eb politik\u00eb?! Po n\u00eb gjith\u00eb at\u00eb Angli vet\u00ebm Boris Johnson qenka m\u00eb i zoti?! E nj\u00ebjta \u00e7udi vihet re kudo n\u00eb Europ\u00eb e n\u00eb [&hellip;]<\/p>\n","protected":false},"author":2020,"featured_media":183538,"comment_status":"closed","ping_status":"closed","sticky":false,"template":"","format":"standard","meta":{"footnotes":""},"categories":[241,5380,231],"tags":[],"class_list":{"0":"post-253860","1":"post","2":"type-post","3":"status-publish","4":"format-standard","5":"has-post-thumbnail","7":"category-aktualitet","8":"category-kryesore","9":"category-lajme"},"_links":{"self":[{"href":"https:\/\/zjarr.tv\/sq\/wp-json\/wp\/v2\/posts\/253860","targetHints":{"allow":["GET"]}}],"collection":[{"href":"https:\/\/zjarr.tv\/sq\/wp-json\/wp\/v2\/posts"}],"about":[{"href":"https:\/\/zjarr.tv\/sq\/wp-json\/wp\/v2\/types\/post"}],"author":[{"embeddable":true,"href":"https:\/\/zjarr.tv\/sq\/wp-json\/wp\/v2\/users\/2020"}],"replies":[{"embeddable":true,"href":"https:\/\/zjarr.tv\/sq\/wp-json\/wp\/v2\/comments?post=253860"}],"version-history":[{"count":0,"href":"https:\/\/zjarr.tv\/sq\/wp-json\/wp\/v2\/posts\/253860\/revisions"}],"wp:featuredmedia":[{"embeddable":true,"href":"https:\/\/zjarr.tv\/sq\/wp-json\/wp\/v2\/media\/183538"}],"wp:attachment":[{"href":"https:\/\/zjarr.tv\/sq\/wp-json\/wp\/v2\/media?parent=253860"}],"wp:term":[{"taxonomy":"category","embeddable":true,"href":"https:\/\/zjarr.tv\/sq\/wp-json\/wp\/v2\/categories?post=253860"},{"taxonomy":"post_tag","embeddable":true,"href":"https:\/\/zjarr.tv\/sq\/wp-json\/wp\/v2\/tags?post=253860"}],"curies":[{"name":"wp","href":"https:\/\/api.w.org\/{rel}","templated":true}]}}