{"id":253913,"date":"2022-04-25T16:59:34","date_gmt":"2022-04-25T14:59:34","guid":{"rendered":"https:\/\/zjarr.tv\/?p=253913"},"modified":"2022-04-25T16:59:34","modified_gmt":"2022-04-25T14:59:34","slug":"emigrantet-shqiptare-kthehen-pas-pashkeve-ne-greqi-fluks-i-madh-levizjesh-ne-kapshtice-e-kakavije","status":"publish","type":"post","link":"https:\/\/zjarr.tv\/sq\/emigrantet-shqiptare-kthehen-pas-pashkeve-ne-greqi-fluks-i-madh-levizjesh-ne-kapshtice-e-kakavije\/","title":{"rendered":"Emigrant\u00ebt shqiptar\u00eb kthehen pas Pashk\u00ebve n\u00eb Greqi. Fluks i madh l\u00ebvizjesh n\u00eb Kapshtic\u00eb e Kakavij\u00eb"},"content":{"rendered":"<p>Festa e Pashk\u00ebve ka shtuar fluksin e l\u00ebvizjeve n\u00eb Kakavij\u00eb. Pasi festuan Pashk\u00ebt emigrant\u00ebt kthehen n\u00eb Greqi ku jetojn\u00eb dhe punojn\u00eb.<\/p>\n<p>N\u00eb pik\u00ebn kufitare Kakavij\u00eb pasur nj\u00eb fluks t\u00eb shtuar t\u00eb l\u00ebvizjeve n\u00eb dalje. Sakaq l\u00ebvizja ka qen\u00eb e qet\u00eb dhe nuk ka pasur vonesa apo radh\u00eb n\u00eb t\u00eb dy an\u00ebt e kufirit.<\/p>\n<p>Gjithashtu edhe n\u00eb Pik\u00ebn Kufitare Kapshtic\u00eb ka pasur nj\u00eb fluks t\u00eb lart\u00eb t\u00eb l\u00ebvizjeve. Pala shqiptare ka punuar me sportele maksimale duke b\u00ebr\u00eb t\u00eb mundur q\u00eb l\u00ebvizja t\u00eb jet\u00eb pa vonesa.<\/p>\n<p>Nd\u00ebrkoh\u00eb n\u00eb hyrje t\u00eb Shqip\u00ebris\u00eb vihet re nj\u00eb num\u00ebr m\u00eb i ul\u00ebt n\u00eb krahasim me daljet, ku fluksi \u00ebsht\u00eb m\u00eb i lart\u00eb pasi emigrant\u00ebt largohen n\u00eb shtetin fqinj.<\/p>\n","protected":false},"excerpt":{"rendered":"<p>Festa e Pashk\u00ebve ka shtuar fluksin e l\u00ebvizjeve n\u00eb Kakavij\u00eb. Pasi festuan Pashk\u00ebt emigrant\u00ebt kthehen n\u00eb Greqi ku jetojn\u00eb dhe punojn\u00eb. N\u00eb pik\u00ebn kufitare Kakavij\u00eb pasur nj\u00eb fluks t\u00eb shtuar t\u00eb l\u00ebvizjeve n\u00eb dalje. Sakaq l\u00ebvizja ka qen\u00eb e qet\u00eb dhe nuk ka pasur vonesa apo radh\u00eb n\u00eb t\u00eb dy an\u00ebt e kufirit. Gjithashtu edhe [&hellip;]<\/p>\n","protected":false},"author":2030,"featured_media":253914,"comment_status":"closed","ping_status":"closed","sticky":false,"template":"","format":"standard","meta":{"footnotes":""},"categories":[241,5380,231],"tags":[],"class_list":{"0":"post-253913","1":"post","2":"type-post","3":"status-publish","4":"format-standard","5":"has-post-thumbnail","7":"category-aktualitet","8":"category-kryesore","9":"category-lajme"},"_links":{"self":[{"href":"https:\/\/zjarr.tv\/sq\/wp-json\/wp\/v2\/posts\/253913","targetHints":{"allow":["GET"]}}],"collection":[{"href":"https:\/\/zjarr.tv\/sq\/wp-json\/wp\/v2\/posts"}],"about":[{"href":"https:\/\/zjarr.tv\/sq\/wp-json\/wp\/v2\/types\/post"}],"author":[{"embeddable":true,"href":"https:\/\/zjarr.tv\/sq\/wp-json\/wp\/v2\/users\/2030"}],"replies":[{"embeddable":true,"href":"https:\/\/zjarr.tv\/sq\/wp-json\/wp\/v2\/comments?post=253913"}],"version-history":[{"count":0,"href":"https:\/\/zjarr.tv\/sq\/wp-json\/wp\/v2\/posts\/253913\/revisions"}],"wp:featuredmedia":[{"embeddable":true,"href":"https:\/\/zjarr.tv\/sq\/wp-json\/wp\/v2\/media\/253914"}],"wp:attachment":[{"href":"https:\/\/zjarr.tv\/sq\/wp-json\/wp\/v2\/media?parent=253913"}],"wp:term":[{"taxonomy":"category","embeddable":true,"href":"https:\/\/zjarr.tv\/sq\/wp-json\/wp\/v2\/categories?post=253913"},{"taxonomy":"post_tag","embeddable":true,"href":"https:\/\/zjarr.tv\/sq\/wp-json\/wp\/v2\/tags?post=253913"}],"curies":[{"name":"wp","href":"https:\/\/api.w.org\/{rel}","templated":true}]}}