{"id":253920,"date":"2022-04-25T17:19:08","date_gmt":"2022-04-25T15:19:08","guid":{"rendered":"https:\/\/zjarr.tv\/?p=253920"},"modified":"2022-04-25T17:19:08","modified_gmt":"2022-04-25T15:19:08","slug":"reforma-zgjedhore-mbetet-pezull","status":"publish","type":"post","link":"https:\/\/zjarr.tv\/sq\/reforma-zgjedhore-mbetet-pezull\/","title":{"rendered":"Reforma zgjedhore mbetet pezull"},"content":{"rendered":"<p>Partit\u00eb politike ende nuk nisur pun\u00ebn p\u00ebr nd\u00ebrhyrje n\u00eb Kodin Zgjedhor edhe pse zgjedhjet e ardhshme lokale jan\u00eb af\u00ebr. N\u00eb parlament deri m\u00eb tani \u00ebsht\u00eb miratuar vet\u00ebm ngritja e komisionit t\u00eb posa\u00e7\u00ebm t\u00eb reform\u00ebs zgjedhore dhe jo p\u00ebrb\u00ebrja e tij.<\/p>\n<p>Bashk\u00eb me rikthimin n\u00eb Parlament, Partia Demokratike solli n\u00eb tryez\u00eb edhe disa k\u00ebrkesa. Nd\u00ebr to, ishte dhe ngritja e komisionit t\u00eb posa\u00e7\u00ebm t\u00eb reform\u00ebs zgjedhore.<\/p>\n<p>Votimi p\u00ebr ngritjen e komisionit u b\u00eb m\u00eb 10 shkurt t\u00eb k\u00ebtij viti, si kusht q\u00eb demokrat\u00ebt t\u00eb votonin zgjatjen e organeve t\u00eb vetingut.<\/p>\n<p>Por, q\u00eb nga ai moment kan\u00eb kaluar m\u00eb shum\u00eb se 2 muaj dhe ende nuk \u00ebsht\u00eb miratuar p\u00ebrb\u00ebrja e komisionit, n\u00eb m\u00ebnyr\u00eb q\u00eb t\u2019i hapet rrug\u00eb nd\u00ebrhyrjeve.<\/p>\n<p>Socialist\u00ebt e kalojn\u00eb pergjegjesin\u00eb te demokrat\u00ebt.<\/p>\n<p>\u201cSapo grupi parlamentar i PD dhe dy grupet e tjera t\u00eb opozit\u00ebs t\u00eb sjellin emrat ne do t\u00eb plot\u00ebsojm\u00eb vendimin p\u00ebr ngritjen e komisionit\u201d, u shpreh pak dit\u00eb m\u00eb par\u00eb kreu i Grupit Parlamentar t\u00eb PS-s\u00eb, Taulant Balla.<\/p>\n<p>\u201cDuhet t\u2019i d\u00ebrgoj\u00eb emrat, reforma zgjedhore \u00ebsht\u00eb nj\u00eb detyrim komb\u00ebtar, nd\u00ebrkomb\u00ebtar dhe Partia Demokratike nuk i shmanget atij detyrimi\u201d, tha ish-kryeministri Sali Berisha.<\/p>\n<p>Pavar\u00ebsisht k\u00ebsaj deklarate, asnj\u00eb em\u00ebr nuk \u00ebsht\u00eb dor\u00ebzuar.<\/p>\n<p>Edhe komisioni qendror i zgjedhjeve ka b\u00ebr\u00eb thirrje p\u00ebr nd\u00ebrhyrje sa m\u00eb shpejt\u00eb n\u00eb kodin elektoral p\u00ebr shkak t\u00eb afrimit t\u00eb zgjedhjeve t\u00eb ardhshme.<\/p>\n<p>\u201cSa m\u00eb shum\u00eb dit\u00eb kalojn\u00eb aq m\u00eb problematike do t\u00eb b\u00ebhet situata edhe nga pik\u00ebpamja politike dhe kjo do t\u00eb reflektoj\u00eb edhe n\u00eb cil\u00ebsin\u00eb e produktit q\u00eb do t\u00eb ket\u00eb kjo reform\u00eb\u201d, deklaroi Ilirjan Celibashi.<\/p>\n<p>Pas 25 prillit, OSBE\/ODIHR dha 23 rekomandime p\u00ebr p\u00ebrmir\u00ebsimin e proceseve zgjedhore, ku 5 prej tyre k\u00ebrkojn\u00eb nd\u00ebrhyrje n\u00eb kodin zgjedhor.<\/p>\n<p>Por, se kur do t\u00eb nd\u00ebrhyhet p\u00ebr k\u00ebto rekomandime, kjo gj\u00eb mbetet n\u00eb vullnetin e partive politike.\/euronews<\/p>\n","protected":false},"excerpt":{"rendered":"<p>Partit\u00eb politike ende nuk nisur pun\u00ebn p\u00ebr nd\u00ebrhyrje n\u00eb Kodin Zgjedhor edhe pse zgjedhjet e ardhshme lokale jan\u00eb af\u00ebr. N\u00eb parlament deri m\u00eb tani \u00ebsht\u00eb miratuar vet\u00ebm ngritja e komisionit t\u00eb posa\u00e7\u00ebm t\u00eb reform\u00ebs zgjedhore dhe jo p\u00ebrb\u00ebrja e tij. Bashk\u00eb me rikthimin n\u00eb Parlament, Partia Demokratike solli n\u00eb tryez\u00eb edhe disa k\u00ebrkesa. Nd\u00ebr to, [&hellip;]<\/p>\n","protected":false},"author":2030,"featured_media":253921,"comment_status":"closed","ping_status":"closed","sticky":false,"template":"","format":"standard","meta":{"footnotes":""},"categories":[241,5380,231,1454],"tags":[],"class_list":{"0":"post-253920","1":"post","2":"type-post","3":"status-publish","4":"format-standard","5":"has-post-thumbnail","7":"category-aktualitet","8":"category-kryesore","9":"category-lajme","10":"category-politike"},"_links":{"self":[{"href":"https:\/\/zjarr.tv\/sq\/wp-json\/wp\/v2\/posts\/253920","targetHints":{"allow":["GET"]}}],"collection":[{"href":"https:\/\/zjarr.tv\/sq\/wp-json\/wp\/v2\/posts"}],"about":[{"href":"https:\/\/zjarr.tv\/sq\/wp-json\/wp\/v2\/types\/post"}],"author":[{"embeddable":true,"href":"https:\/\/zjarr.tv\/sq\/wp-json\/wp\/v2\/users\/2030"}],"replies":[{"embeddable":true,"href":"https:\/\/zjarr.tv\/sq\/wp-json\/wp\/v2\/comments?post=253920"}],"version-history":[{"count":0,"href":"https:\/\/zjarr.tv\/sq\/wp-json\/wp\/v2\/posts\/253920\/revisions"}],"wp:featuredmedia":[{"embeddable":true,"href":"https:\/\/zjarr.tv\/sq\/wp-json\/wp\/v2\/media\/253921"}],"wp:attachment":[{"href":"https:\/\/zjarr.tv\/sq\/wp-json\/wp\/v2\/media?parent=253920"}],"wp:term":[{"taxonomy":"category","embeddable":true,"href":"https:\/\/zjarr.tv\/sq\/wp-json\/wp\/v2\/categories?post=253920"},{"taxonomy":"post_tag","embeddable":true,"href":"https:\/\/zjarr.tv\/sq\/wp-json\/wp\/v2\/tags?post=253920"}],"curies":[{"name":"wp","href":"https:\/\/api.w.org\/{rel}","templated":true}]}}