{"id":253923,"date":"2022-04-25T17:25:53","date_gmt":"2022-04-25T15:25:53","guid":{"rendered":"https:\/\/zjarr.tv\/?p=253923"},"modified":"2022-04-25T17:25:53","modified_gmt":"2022-04-25T15:25:53","slug":"javet-kulturore-kellici-rama-nuk-po-promovon-shqiperine-turizmi-yne-duhet-te-kete-identitetin-e-tij","status":"publish","type":"post","link":"https:\/\/zjarr.tv\/sq\/javet-kulturore-kellici-rama-nuk-po-promovon-shqiperine-turizmi-yne-duhet-te-kete-identitetin-e-tij\/","title":{"rendered":"Jav\u00ebt kulturore! K\u00eblli\u00e7i: Rama nuk po promovon Shqip\u00ebrin\u00eb, turizmi yn\u00eb duhet t\u00eb ket\u00eb identitetin e tij"},"content":{"rendered":"<p>Deputeti i Partis\u00eb Demokratike, Belind K\u00eblli\u00e7i ka reaguar me an\u00eb t\u00eb nj\u00eb postimi n\u00eb rrjetin e tij social \u2018Facebook\u2019, pas konferenc\u00ebs s\u00eb kryeministrit Edi Rama me ministren e Kultur\u00ebs, Elva Margaritin p\u00ebr jav\u00ebt kulturore.<\/p>\n<p>K\u00eblli\u00e7i shkruan se shqiptar\u00ebt vuajt\u00ebn nga mungesa e informacionit p\u00ebr dekada t\u00eb t\u00ebra. Deputeti shton se sezoni turistik ka nisur dhe vendi nuk \u00ebsht\u00eb i p\u00ebrgatitur nga ana infrastrukturore. K\u00eblli\u00e7i thot\u00eb se Rama po promovon gjith\u00e7ka mir\u00ebpo vet\u00ebm Shqip\u00ebrin\u00eb jo.<\/p>\n<p>REAGIMI:<\/p>\n<p>Partia Demokratike e Shqip\u00ebris\u00eb ka qen\u00eb forca politike nism\u00ebtare q\u00eb mb\u00ebshteti fuqimisht hapjen e Shqip\u00ebris\u00eb ndaj kulturave per\u00ebndimore. Shqip\u00ebria doli nga izolimi i gjat\u00eb kulturor komunist, koh\u00eb kur censurohej let\u00ebrsia dhe filmi, kur ndalohej muzika e huaj dhe \u00e7do shprehi artistike q\u00eb nuk ishte fabrikim i realizmit socialist. Shqiptar\u00ebt vuajt\u00ebn nga mungesa e informacionit p\u00ebr dekada t\u00eb t\u00ebra. Vendi yn\u00eb u nda brutalisht nga Europa dhe u kthye n\u00eb nj\u00eb miniatur\u00eb sovjetike, pik\u00ebrisht nga prind\u00ebrit e qeveris\u00eb aktuale, e cila \u00ebsht\u00eb qeliza bij\u00eb e Partis\u00eb s\u00eb Pun\u00ebs. Sezoni turistik ka nisur dhe vendi nuk \u00ebsht\u00eb i p\u00ebrgatitur nga ana infrastrukturore. Rrug\u00eb n\u00eb nd\u00ebrtim t\u00eb mbetura pezull, punime t\u00eb tejzgjatura , pluhur betonieresh, rr\u00ebmuj\u00eb dhe ndotje urbane. N\u00eb momentin q\u00eb flasim autobus\u00ebt me turist\u00eb nuk kan\u00eb vendparkime dhe jemi shum\u00eb larg rregullit dhe standardeve t\u00eb Bashkimit Europian. Shqip\u00ebria, ashtu si Greqia, Italia, Kroacia dhe vendet fqinje, duhet t\u00eb zhvilloj\u00eb turizmin identitar. Vizitor\u00ebt e huaj duan t\u00eb njohin Shqip\u00ebrin\u00eb, kultur\u00ebn e saj, muzik\u00ebn dhe gatimet shqiptare. Jemi n\u00eb sezon turistik por qeveria Rama promovon gjith\u00e7ka p\u00ebrve\u00e7 Shqip\u00ebris\u00eb. Promovimi i kulturave t\u00eb huaja \u00ebsht\u00eb pik\u00eb s\u00eb pari detyr\u00eb e ambasadave dhe e organizatave kulturore t\u00eb huaja. Taksapaguesit shqiptar\u00eb nuk kan\u00eb pse t\u00eb paguajn\u00eb p\u00ebr t\u00eb promovuar nisma t\u00eb tilla. Turist\u00ebt e huaj k\u00ebrkojn\u00eb informacion dhe aktivitete kulturore shqiptare nga t\u00eb gjitha trevat. Arsyeja e ardhjes s\u00eb tyre k\u00ebtu \u00ebsht\u00eb Shqip\u00ebria, ajo \u00e7ka ofrojm\u00eb ne, nga veriu n\u00eb jug.<\/p>\n<p>Po Shqip\u00ebria kur do promovohet? Kjo duhet t\u00eb na shqet\u00ebsoj\u00eb. Turiz\u00ebm do t\u00eb thot\u00eb identitet. Identitet historik, kulturor dhe kulinar. Qeveria Rama e trajton Shqip\u00ebrin\u00eb si nj\u00eb kultur\u00eb inferiore dhe e le n\u00eb hije si nj\u00eb skuqje nga turpi. Kjo \u00ebsht\u00eb e papranueshme p\u00ebr \u00e7do shqiptar q\u00eb ka nj\u00eb fije krenarie p\u00ebr vendin dhe identitetin e tij. Ne kemi shum\u00eb p\u00ebr ofruar, edhe pse jemi vend i vog\u00ebl. Kjo qasje inferiore e qeveris\u00eb Rama \u00ebsht\u00eb e krahasueshme me nj\u00eb restorant mesatar q\u00eb i sh\u00ebrben makarona turist\u00ebve italian\u00eb dhe sushi atyre japonez\u00eb. Kjo q\u00eb po ndodh \u00ebsht\u00eb munges\u00eb vizioni, paaft\u00ebsi dhe padije. Qeveris\u00eb Rama i mungon kontakti me operator\u00ebt turistik\u00eb. Ajo nuk merr n\u00eb konsiderat\u00eb opinionet e ekspert\u00ebve t\u00eb fush\u00ebs, duke krijuar perceptimin publik se Shqip\u00ebria \u00ebsht\u00eb e pamjaftueshme kulturalisht. Partia Demokratike vler\u00ebson se vendit i duhet strategji e re p\u00ebr t\u2019u promovuar nd\u00ebrkomb\u00ebtarisht. Turizmi yn\u00eb duhet t\u00eb ket\u00eb identitetin e tij kulturor, ashtu si t\u00eb gjitha shtetet fqinje dhe ato t\u00eb Bashkimit Europian.<\/p>\n","protected":false},"excerpt":{"rendered":"<p>Deputeti i Partis\u00eb Demokratike, Belind K\u00eblli\u00e7i ka reaguar me an\u00eb t\u00eb nj\u00eb postimi n\u00eb rrjetin e tij social \u2018Facebook\u2019, pas konferenc\u00ebs s\u00eb kryeministrit Edi Rama me ministren e Kultur\u00ebs, Elva Margaritin p\u00ebr jav\u00ebt kulturore. K\u00eblli\u00e7i shkruan se shqiptar\u00ebt vuajt\u00ebn nga mungesa e informacionit p\u00ebr dekada t\u00eb t\u00ebra. Deputeti shton se sezoni turistik ka nisur dhe [&hellip;]<\/p>\n","protected":false},"author":2030,"featured_media":253924,"comment_status":"closed","ping_status":"closed","sticky":false,"template":"","format":"standard","meta":{"footnotes":""},"categories":[241,3366,231,1454],"tags":[],"class_list":{"0":"post-253923","1":"post","2":"type-post","3":"status-publish","4":"format-standard","5":"has-post-thumbnail","7":"category-aktualitet","8":"category-koment","9":"category-lajme","10":"category-politike"},"_links":{"self":[{"href":"https:\/\/zjarr.tv\/sq\/wp-json\/wp\/v2\/posts\/253923","targetHints":{"allow":["GET"]}}],"collection":[{"href":"https:\/\/zjarr.tv\/sq\/wp-json\/wp\/v2\/posts"}],"about":[{"href":"https:\/\/zjarr.tv\/sq\/wp-json\/wp\/v2\/types\/post"}],"author":[{"embeddable":true,"href":"https:\/\/zjarr.tv\/sq\/wp-json\/wp\/v2\/users\/2030"}],"replies":[{"embeddable":true,"href":"https:\/\/zjarr.tv\/sq\/wp-json\/wp\/v2\/comments?post=253923"}],"version-history":[{"count":0,"href":"https:\/\/zjarr.tv\/sq\/wp-json\/wp\/v2\/posts\/253923\/revisions"}],"wp:featuredmedia":[{"embeddable":true,"href":"https:\/\/zjarr.tv\/sq\/wp-json\/wp\/v2\/media\/253924"}],"wp:attachment":[{"href":"https:\/\/zjarr.tv\/sq\/wp-json\/wp\/v2\/media?parent=253923"}],"wp:term":[{"taxonomy":"category","embeddable":true,"href":"https:\/\/zjarr.tv\/sq\/wp-json\/wp\/v2\/categories?post=253923"},{"taxonomy":"post_tag","embeddable":true,"href":"https:\/\/zjarr.tv\/sq\/wp-json\/wp\/v2\/tags?post=253923"}],"curies":[{"name":"wp","href":"https:\/\/api.w.org\/{rel}","templated":true}]}}