{"id":253926,"date":"2022-04-25T17:46:18","date_gmt":"2022-04-25T15:46:18","guid":{"rendered":"https:\/\/zjarr.tv\/?p=253926"},"modified":"2022-04-25T17:46:18","modified_gmt":"2022-04-25T15:46:18","slug":"me-mire-mos-pyesni-artan-hoxha-publikon-fotot-dhe-shperthen-i-revoltuar-per-ate-qe-po-ndodh-ne-tirane-ai-qoftelargu-maksimumi-hapte","status":"publish","type":"post","link":"https:\/\/zjarr.tv\/sq\/me-mire-mos-pyesni-artan-hoxha-publikon-fotot-dhe-shperthen-i-revoltuar-per-ate-qe-po-ndodh-ne-tirane-ai-qoftelargu-maksimumi-hapte\/","title":{"rendered":"\u201cM\u00eb mir\u00eb mos pyesni\u201d\/ Artan Hoxha publikon fotot dhe shp\u00ebrthen i revoltuar p\u00ebr at\u00eb q\u00eb po ndodh n\u00eb Tiran\u00eb: Ai qoft\u00eblargu, maksimumi hapte&#8230;"},"content":{"rendered":"<p>Gazetari Artan Hoxha ka ndar\u00eb n\u00eb rrjetet sociale disa foto panoramike nga Tirana, ku trego sesi edhe kodrat po shpyll\u00ebzohen p\u00ebr t\u2019u mbuluar nga betoni.<\/p>\n<p>Postimi i plot\u00eb:<\/p>\n<p>Natyre e qete\u2026.Kodrat e Tiranes, Prill 2022.<\/p>\n<p>Parrulla ne kohen e qoftelargut ka qene:<\/p>\n<p>\u201cT\u2019u qepemi kodrave e maleve dhe t\u2019i bejme pjellore si fushat\u201d\u2026.<\/p>\n<p>Tani parrulla eshte kthyer ne:<\/p>\n<p>\u201cT\u2019u qepemi kodrave e maleve dhe t\u2019i mbushim me beton si fushat\u201d\u2026.<\/p>\n<p>Po ai qoftelargu, maksimumi brezare per vreshta dhe kullota hapte, kurse keta te sotmit te betonojne aq forte sa do e kishte zili edhe xhenjo e Alfred Moisiut.<\/p>\n<p>Mezi i shkulen per jave e jave te tera, ullinjte shekullore ne kodrat e Tiranes.<\/p>\n<p>Nje goxha kompleks banimi me vila luksi, do ndertohet mbi betonin e derdhur lume.<\/p>\n<p>Per cmimin?! Me mire mos pyesni!!!<\/p>\n<p>Pasi te \u201cmbjellim\u201d betonin orbital me paret e korrupsionit shteteror, qe jane shume me teper ne qarkullim, se paret e narkotrafikut, qe sjellin \u201c\u00e7unat\u201d nga Ekuadori, do te mbjellin dhe ndonje peme neper taraca per te na mbushur mendjen, se po krijojne \u201cpyllin orbital\u201d\u2026<\/p>\n<p><img loading=\"lazy\" decoding=\"async\" class=\"alignnone size-medium wp-image-253927\" src=\"https:\/\/zjarr.tv\/wp-content\/uploads\/2022\/04\/Untitled-design-2022-04-25T174100.279-300x251.jpg\" alt=\"\" width=\"300\" height=\"251\" srcset=\"https:\/\/zjarr.tv\/wp-content\/uploads\/2022\/04\/Untitled-design-2022-04-25T174100.279-300x251.jpg 300w, https:\/\/zjarr.tv\/wp-content\/uploads\/2022\/04\/Untitled-design-2022-04-25T174100.279-768x644.jpg 768w, https:\/\/zjarr.tv\/wp-content\/uploads\/2022\/04\/Untitled-design-2022-04-25T174100.279-696x583.jpg 696w, https:\/\/zjarr.tv\/wp-content\/uploads\/2022\/04\/Untitled-design-2022-04-25T174100.279-501x420.jpg 501w, https:\/\/zjarr.tv\/wp-content\/uploads\/2022\/04\/Untitled-design-2022-04-25T174100.279.jpg 940w\" sizes=\"auto, (max-width: 300px) 100vw, 300px\" \/><\/p>\n","protected":false},"excerpt":{"rendered":"<p>Gazetari Artan Hoxha ka ndar\u00eb n\u00eb rrjetet sociale disa foto panoramike nga Tirana, ku trego sesi edhe kodrat po shpyll\u00ebzohen p\u00ebr t\u2019u mbuluar nga betoni. Postimi i plot\u00eb: Natyre e qete\u2026.Kodrat e Tiranes, Prill 2022. Parrulla ne kohen e qoftelargut ka qene: \u201cT\u2019u qepemi kodrave e maleve dhe t\u2019i bejme pjellore si fushat\u201d\u2026. Tani parrulla [&hellip;]<\/p>\n","protected":false},"author":2030,"featured_media":161057,"comment_status":"closed","ping_status":"closed","sticky":false,"template":"","format":"standard","meta":{"footnotes":""},"categories":[241],"tags":[],"class_list":{"0":"post-253926","1":"post","2":"type-post","3":"status-publish","4":"format-standard","5":"has-post-thumbnail","7":"category-aktualitet"},"_links":{"self":[{"href":"https:\/\/zjarr.tv\/sq\/wp-json\/wp\/v2\/posts\/253926","targetHints":{"allow":["GET"]}}],"collection":[{"href":"https:\/\/zjarr.tv\/sq\/wp-json\/wp\/v2\/posts"}],"about":[{"href":"https:\/\/zjarr.tv\/sq\/wp-json\/wp\/v2\/types\/post"}],"author":[{"embeddable":true,"href":"https:\/\/zjarr.tv\/sq\/wp-json\/wp\/v2\/users\/2030"}],"replies":[{"embeddable":true,"href":"https:\/\/zjarr.tv\/sq\/wp-json\/wp\/v2\/comments?post=253926"}],"version-history":[{"count":0,"href":"https:\/\/zjarr.tv\/sq\/wp-json\/wp\/v2\/posts\/253926\/revisions"}],"wp:featuredmedia":[{"embeddable":true,"href":"https:\/\/zjarr.tv\/sq\/wp-json\/wp\/v2\/media\/161057"}],"wp:attachment":[{"href":"https:\/\/zjarr.tv\/sq\/wp-json\/wp\/v2\/media?parent=253926"}],"wp:term":[{"taxonomy":"category","embeddable":true,"href":"https:\/\/zjarr.tv\/sq\/wp-json\/wp\/v2\/categories?post=253926"},{"taxonomy":"post_tag","embeddable":true,"href":"https:\/\/zjarr.tv\/sq\/wp-json\/wp\/v2\/tags?post=253926"}],"curies":[{"name":"wp","href":"https:\/\/api.w.org\/{rel}","templated":true}]}}