{"id":254793,"date":"2022-04-29T14:33:33","date_gmt":"2022-04-29T12:33:33","guid":{"rendered":"https:\/\/zjarr.tv\/?p=254793"},"modified":"2022-04-29T14:33:33","modified_gmt":"2022-04-29T12:33:33","slug":"gjiknuri-mbledh-grupin-e-punes-diskutohen-ndryshimet-ne-statutin-e-ps-se-qe-do-miratohen-ne-asamblene-kombetare","status":"publish","type":"post","link":"https:\/\/zjarr.tv\/sq\/gjiknuri-mbledh-grupin-e-punes-diskutohen-ndryshimet-ne-statutin-e-ps-se-qe-do-miratohen-ne-asamblene-kombetare\/","title":{"rendered":"Gjiknuri mbledh grupin e pun\u00ebs, diskutohen ndryshimet n\u00eb statutin e PS-s\u00eb q\u00eb do miratohen n\u00eb Asamblen\u00eb Komb\u00ebtare"},"content":{"rendered":"<p>Sekretari i P\u00ebrgjithsh\u00ebm i Partis\u00eb Socialiste, Damian Gjiknuri, ka mbledhur dit\u00ebn e sotme grupin e pun\u00ebs, ku \u00ebsht\u00eb diskutuar mbi ndryshimet n\u00eb statutin e PS-s\u00eb, t\u00eb cilat do t\u00eb kalojn\u00eb p\u00ebr miratim n\u00eb Asmablen\u00eb Komb\u00ebtare.<\/p>\n<p>Pas miratimit t\u00eb k\u00ebtyre ndryshimeve, do t\u00eb hapet gara p\u00ebr zgjehdjet e brendshme p\u00ebr 61 krer\u00ebt e partis\u00eb n\u00eb t\u00eb gjith\u00eb territorin.<\/p>\n<p>\u201cMe koleg\u00ebt e grupit t\u00eb pun\u00ebs ku diskutuam detajet e fundit mbi ndryshimet q\u00eb duhen reflektuar n\u00eb zbatim t\u00eb Statutit t\u00eb ri, t\u00eb cilat do t\u2019i kalojn\u00eb p\u00ebr miratim Asambles\u00eb Komb\u00ebtare t\u00eb Partis\u00eb Socialiste. Fill pas k\u00ebsaj hapim gar\u00ebn e zgjedhjeve t\u00eb brendshme p\u00ebr 61 krer\u00ebt e partis\u00eb n\u00eb t\u00eb gjith\u00eb territorin.<\/p>\n<p>P\u00ebrmir\u00ebsimet n\u00eb Statut jan\u00eb tregues i p\u00ebrshtatjes s\u00eb Partis\u00eb Socialiste me sfidat q\u00eb sjell koha. Riorganizimi i \u00e7do strukture do i siguroj\u00eb forc\u00ebs son\u00eb poltike fitoren n\u00eb sfidat elektorale t\u00eb radh\u00ebs\u201d, shkruan Gjekmarkaj.<\/p>\n","protected":false},"excerpt":{"rendered":"<p>Sekretari i P\u00ebrgjithsh\u00ebm i Partis\u00eb Socialiste, Damian Gjiknuri, ka mbledhur dit\u00ebn e sotme grupin e pun\u00ebs, ku \u00ebsht\u00eb diskutuar mbi ndryshimet n\u00eb statutin e PS-s\u00eb, t\u00eb cilat do t\u00eb kalojn\u00eb p\u00ebr miratim n\u00eb Asmablen\u00eb Komb\u00ebtare. Pas miratimit t\u00eb k\u00ebtyre ndryshimeve, do t\u00eb hapet gara p\u00ebr zgjehdjet e brendshme p\u00ebr 61 krer\u00ebt e partis\u00eb n\u00eb t\u00eb [&hellip;]<\/p>\n","protected":false},"author":2020,"featured_media":254795,"comment_status":"closed","ping_status":"closed","sticky":false,"template":"","format":"standard","meta":{"footnotes":""},"categories":[241,5380,231],"tags":[],"class_list":{"0":"post-254793","1":"post","2":"type-post","3":"status-publish","4":"format-standard","5":"has-post-thumbnail","7":"category-aktualitet","8":"category-kryesore","9":"category-lajme"},"_links":{"self":[{"href":"https:\/\/zjarr.tv\/sq\/wp-json\/wp\/v2\/posts\/254793","targetHints":{"allow":["GET"]}}],"collection":[{"href":"https:\/\/zjarr.tv\/sq\/wp-json\/wp\/v2\/posts"}],"about":[{"href":"https:\/\/zjarr.tv\/sq\/wp-json\/wp\/v2\/types\/post"}],"author":[{"embeddable":true,"href":"https:\/\/zjarr.tv\/sq\/wp-json\/wp\/v2\/users\/2020"}],"replies":[{"embeddable":true,"href":"https:\/\/zjarr.tv\/sq\/wp-json\/wp\/v2\/comments?post=254793"}],"version-history":[{"count":0,"href":"https:\/\/zjarr.tv\/sq\/wp-json\/wp\/v2\/posts\/254793\/revisions"}],"wp:featuredmedia":[{"embeddable":true,"href":"https:\/\/zjarr.tv\/sq\/wp-json\/wp\/v2\/media\/254795"}],"wp:attachment":[{"href":"https:\/\/zjarr.tv\/sq\/wp-json\/wp\/v2\/media?parent=254793"}],"wp:term":[{"taxonomy":"category","embeddable":true,"href":"https:\/\/zjarr.tv\/sq\/wp-json\/wp\/v2\/categories?post=254793"},{"taxonomy":"post_tag","embeddable":true,"href":"https:\/\/zjarr.tv\/sq\/wp-json\/wp\/v2\/tags?post=254793"}],"curies":[{"name":"wp","href":"https:\/\/api.w.org\/{rel}","templated":true}]}}