{"id":254804,"date":"2022-04-29T14:39:02","date_gmt":"2022-04-29T12:39:02","guid":{"rendered":"https:\/\/zjarr.tv\/?p=254804"},"modified":"2022-04-29T14:39:02","modified_gmt":"2022-04-29T12:39:02","slug":"dicka-e-madhe-po-vjen-frrok-cupi-del-me-deklaraten-e-forte-ja-cfare-e-pret-sali-berishen","status":"publish","type":"post","link":"https:\/\/zjarr.tv\/sq\/dicka-e-madhe-po-vjen-frrok-cupi-del-me-deklaraten-e-forte-ja-cfare-e-pret-sali-berishen\/","title":{"rendered":"\u201cDi\u00e7ka e madhe po vjen\u201d, Frrok \u00c7upi del me deklarat\u00ebn e fort\u00eb: Ja \u00e7far\u00eb e pret Sali Berish\u00ebn"},"content":{"rendered":"<p>Analisti Frrok \u00c7upi u shpreh se peticioni p\u00ebr d\u00ebbimin e ambasadores Yuri Kim \u00ebsht\u00eb iniciuar nga Sali Berisha.<\/p>\n<p>\u00c7upi tha se Berisha nuk mund t\u00eb shp\u00ebtoj\u00eb nga akuzat dhe nga e gjith\u00eb kjo luft\u00eb, Per\u00ebndimi del prap i fituar.<\/p>\n<p>&#8220;Ky \u00ebsht\u00eb nj\u00eb peticion politik. Politika nuk \u00ebsht\u00eb e zonja q\u00eb n\u00eb fund t\u00eb thot\u00eb isha un\u00eb. K\u00ebtu \u00ebsht\u00eb nj\u00eb pisllik ku ska asnj\u00eb mir\u00ebnjohje p\u00ebr aleatin m\u00eb t\u00eb madh t\u00eb Shqip\u00ebris\u00eb, Amerik\u00ebn. Ata nuk mund ta ndryshojn\u00eb ambasadoren. N\u00eb Shqip\u00ebri po mendohet se di\u00e7ka e madhe po vjen. Ndjejn\u00eb se mund te shp\u00ebtoj\u00eb Sali Berisha nga akuzat, mund te shp\u00ebtojn\u00eb kriminel\u00ebt \u00e7far\u00eb nuk mund t\u00eb ndodh\u00eb. Edhe nj\u00eb gj\u00eb \u00ebsht\u00eb e sigurt\u00eb, Per\u00ebndimi n\u00eb k\u00ebt\u00eb rast \u00ebsht\u00eb prap i fituar. K\u00ebta duhet t\u00eb t\u00ebrhiqen nga lufta me SHBA se nuk mund t\u00eb fitojn\u00eb dot. Do t\u00eb p\u00ebrfundojn\u00eb shum\u00eb keq&#8221;, tha \u00c7upi.<\/p>\n","protected":false},"excerpt":{"rendered":"<p>Analisti Frrok \u00c7upi u shpreh se peticioni p\u00ebr d\u00ebbimin e ambasadores Yuri Kim \u00ebsht\u00eb iniciuar nga Sali Berisha. \u00c7upi tha se Berisha nuk mund t\u00eb shp\u00ebtoj\u00eb nga akuzat dhe nga e gjith\u00eb kjo luft\u00eb, Per\u00ebndimi del prap i fituar. &#8220;Ky \u00ebsht\u00eb nj\u00eb peticion politik. Politika nuk \u00ebsht\u00eb e zonja q\u00eb n\u00eb fund t\u00eb thot\u00eb isha [&hellip;]<\/p>\n","protected":false},"author":2030,"featured_media":185141,"comment_status":"closed","ping_status":"closed","sticky":false,"template":"","format":"standard","meta":{"footnotes":""},"categories":[241,3366,5380,231,1454],"tags":[],"class_list":{"0":"post-254804","1":"post","2":"type-post","3":"status-publish","4":"format-standard","5":"has-post-thumbnail","7":"category-aktualitet","8":"category-koment","9":"category-kryesore","10":"category-lajme","11":"category-politike"},"_links":{"self":[{"href":"https:\/\/zjarr.tv\/sq\/wp-json\/wp\/v2\/posts\/254804","targetHints":{"allow":["GET"]}}],"collection":[{"href":"https:\/\/zjarr.tv\/sq\/wp-json\/wp\/v2\/posts"}],"about":[{"href":"https:\/\/zjarr.tv\/sq\/wp-json\/wp\/v2\/types\/post"}],"author":[{"embeddable":true,"href":"https:\/\/zjarr.tv\/sq\/wp-json\/wp\/v2\/users\/2030"}],"replies":[{"embeddable":true,"href":"https:\/\/zjarr.tv\/sq\/wp-json\/wp\/v2\/comments?post=254804"}],"version-history":[{"count":0,"href":"https:\/\/zjarr.tv\/sq\/wp-json\/wp\/v2\/posts\/254804\/revisions"}],"wp:featuredmedia":[{"embeddable":true,"href":"https:\/\/zjarr.tv\/sq\/wp-json\/wp\/v2\/media\/185141"}],"wp:attachment":[{"href":"https:\/\/zjarr.tv\/sq\/wp-json\/wp\/v2\/media?parent=254804"}],"wp:term":[{"taxonomy":"category","embeddable":true,"href":"https:\/\/zjarr.tv\/sq\/wp-json\/wp\/v2\/categories?post=254804"},{"taxonomy":"post_tag","embeddable":true,"href":"https:\/\/zjarr.tv\/sq\/wp-json\/wp\/v2\/tags?post=254804"}],"curies":[{"name":"wp","href":"https:\/\/api.w.org\/{rel}","templated":true}]}}