{"id":255267,"date":"2022-05-01T14:47:01","date_gmt":"2022-05-01T12:47:01","guid":{"rendered":"https:\/\/zjarr.tv\/?p=255267"},"modified":"2022-05-01T14:47:01","modified_gmt":"2022-05-01T12:47:01","slug":"perfundon-numerimi-i-votave-vokshi-shpall-150-anetaret-e-rinj-te-keshillit-kombetar-te-pd-se","status":"publish","type":"post","link":"https:\/\/zjarr.tv\/sq\/perfundon-numerimi-i-votave-vokshi-shpall-150-anetaret-e-rinj-te-keshillit-kombetar-te-pd-se\/","title":{"rendered":"P\u00ebrfundon num\u00ebrimi i votave\/ Vokshi shpall 150 an\u00ebtar\u00ebt e rinj t\u00eb K\u00ebshillit Komb\u00ebtar t\u00eb PD-s\u00eb"},"content":{"rendered":"<p>Procesi i num\u00ebrimit t\u00eb votave p\u00ebr an\u00ebtar\u00ebt e rinj t\u00eb K\u00ebshillit Komb\u00ebtar t\u00eb PD-s\u00eb ka p\u00ebrfunduar t\u00eb diel\u00ebn n\u00eb drek\u00eb.<\/p>\n<p>Albana Vokshi lexoi para medieve 150 emrat e an\u00ebtar\u00ebve t\u00eb rinj t\u00eb K\u00ebshillit, q\u00eb jan\u00eb zgjedhur mes gati 400 emrave t\u00eb propozuar n\u00eb list\u00eb.<\/p>\n<p>Vihen re dhe personazhe t\u00eb njohur n\u00eb fusha t\u00eb ndryshme, si mjek\u00ebsi apo art. Disa prej an\u00ebtar\u00ebve jan\u00eb:<\/p>\n<p>Aldo Bum\u00e7i, Aleksand\u00ebr Biberaj, Andi Mustafaj, Arben Imami, Arben Ristani, Bujar Kapexhiu, Edit Harxhi, Eno Bozdo, Fatbardh Kadilli, Florjana Garo, Genc Pollo, Ilir Alimehmeti, Ivi Kaso, Jamamb\u00ebr Malltezi, Julian Deda, Rudina Hajdari, Voltana Ademi.<\/p>\n<p>N\u00eb Kuvendin Komb\u00ebtar t\u00eb s\u00eb shtun\u00ebs, t\u00eb thirrur nga Komisioni i P\u00ebrkohsh\u00ebm i Rithemelimit q\u00eb drejtohet nga Sali Berisha, 1425 delegat\u00eb votuan mes 400 propozimeve p\u00ebr an\u00ebtar\u00ebt e rinj t\u00eb K\u00ebshillit Komb\u00ebtar. Kutit\u00eb u zhvendos\u00ebn nga Pallati i Kongreseve drejt selis\u00eb blu, p\u00ebr t\u2019u num\u00ebruar.<\/p>\n<p>Sali Berisha nd\u00ebr t\u00eb tjera shkarkoi Enkelejd Alibeajn nga posti i n\u00ebnkryetarit t\u00eb partis\u00eb, duke \u00e7uar n\u00eb nj\u00eb ndarje p\u00ebrfundimtare t\u00eb grupit t\u00eb Rithemelimit nga grupi tjet\u00ebr q\u00eb mb\u00ebshtet Alibeajn.<\/p>\n<p>Kuvendi po ashtu shpalli dat\u00ebn 22 maj p\u00ebr zgjedhjen e kryetarit t\u00eb ri t\u00eb Partis\u00eb Demokratike.<\/p>\n","protected":false},"excerpt":{"rendered":"<p>Procesi i num\u00ebrimit t\u00eb votave p\u00ebr an\u00ebtar\u00ebt e rinj t\u00eb K\u00ebshillit Komb\u00ebtar t\u00eb PD-s\u00eb ka p\u00ebrfunduar t\u00eb diel\u00ebn n\u00eb drek\u00eb. Albana Vokshi lexoi para medieve 150 emrat e an\u00ebtar\u00ebve t\u00eb rinj t\u00eb K\u00ebshillit, q\u00eb jan\u00eb zgjedhur mes gati 400 emrave t\u00eb propozuar n\u00eb list\u00eb. Vihen re dhe personazhe t\u00eb njohur n\u00eb fusha t\u00eb ndryshme, si [&hellip;]<\/p>\n","protected":false},"author":2030,"featured_media":255041,"comment_status":"closed","ping_status":"closed","sticky":false,"template":"","format":"standard","meta":{"footnotes":""},"categories":[241,3366,5380,231,1454],"tags":[],"class_list":{"0":"post-255267","1":"post","2":"type-post","3":"status-publish","4":"format-standard","5":"has-post-thumbnail","7":"category-aktualitet","8":"category-koment","9":"category-kryesore","10":"category-lajme","11":"category-politike"},"_links":{"self":[{"href":"https:\/\/zjarr.tv\/sq\/wp-json\/wp\/v2\/posts\/255267","targetHints":{"allow":["GET"]}}],"collection":[{"href":"https:\/\/zjarr.tv\/sq\/wp-json\/wp\/v2\/posts"}],"about":[{"href":"https:\/\/zjarr.tv\/sq\/wp-json\/wp\/v2\/types\/post"}],"author":[{"embeddable":true,"href":"https:\/\/zjarr.tv\/sq\/wp-json\/wp\/v2\/users\/2030"}],"replies":[{"embeddable":true,"href":"https:\/\/zjarr.tv\/sq\/wp-json\/wp\/v2\/comments?post=255267"}],"version-history":[{"count":0,"href":"https:\/\/zjarr.tv\/sq\/wp-json\/wp\/v2\/posts\/255267\/revisions"}],"wp:featuredmedia":[{"embeddable":true,"href":"https:\/\/zjarr.tv\/sq\/wp-json\/wp\/v2\/media\/255041"}],"wp:attachment":[{"href":"https:\/\/zjarr.tv\/sq\/wp-json\/wp\/v2\/media?parent=255267"}],"wp:term":[{"taxonomy":"category","embeddable":true,"href":"https:\/\/zjarr.tv\/sq\/wp-json\/wp\/v2\/categories?post=255267"},{"taxonomy":"post_tag","embeddable":true,"href":"https:\/\/zjarr.tv\/sq\/wp-json\/wp\/v2\/tags?post=255267"}],"curies":[{"name":"wp","href":"https:\/\/api.w.org\/{rel}","templated":true}]}}