{"id":255277,"date":"2022-05-01T16:32:39","date_gmt":"2022-05-01T14:32:39","guid":{"rendered":"https:\/\/zjarr.tv\/?p=255277"},"modified":"2022-05-01T16:32:39","modified_gmt":"2022-05-01T14:32:39","slug":"nje-minister-goxha-i-fuqishem-u-cua-ne-burg-ish-kryeprokurori-arben-rakipi-tregon-arritjen-me-te-madhe-te-drejtesise-shqiptare","status":"publish","type":"post","link":"https:\/\/zjarr.tv\/sq\/nje-minister-goxha-i-fuqishem-u-cua-ne-burg-ish-kryeprokurori-arben-rakipi-tregon-arritjen-me-te-madhe-te-drejtesise-shqiptare\/","title":{"rendered":"\u201cNj\u00eb minist\u00ebr goxha i fuqish\u00ebm u \u00e7ua n\u00eb burg\u201d, ish-kryeprokurori Arben Rakipi tregon arritjen m\u00eb t\u00eb madhe t\u00eb drejt\u00ebsis\u00eb shqiptare"},"content":{"rendered":"<p>Ish-kryeprokurori Arben Rakipi, e konsideron nj\u00eb sukses t\u00eb madh t\u00eb organeve t\u00eb drejt\u00ebsis\u00eb d\u00ebnimin me burg t\u00eb ish-ministrit t\u00eb Brendsh\u00ebm Saimir Tahiri.<\/p>\n<p>\u201cUn\u00eb e konsideroj n\u00eb pik\u00ebpamjen e nevoj\u00ebs publike q\u00eb korrupsioni t\u00eb d\u00ebnohet, pavar\u00ebsisht subjekteve q\u00eb jan\u00eb p\u00ebrfshir\u00eb, un\u00eb e konsideroj nj\u00eb sukses t\u00eb Prokuroris\u00eb. Ka b\u00ebr\u00eb t\u00eb mundur t\u00eb \u00e7oj\u00eb nj\u00eb minist\u00ebr goxha t\u00eb fuqish\u00ebm para drejt\u00ebsis\u00eb\u201d, u shpreh ai.<\/p>\n","protected":false},"excerpt":{"rendered":"<p>Ish-kryeprokurori Arben Rakipi, e konsideron nj\u00eb sukses t\u00eb madh t\u00eb organeve t\u00eb drejt\u00ebsis\u00eb d\u00ebnimin me burg t\u00eb ish-ministrit t\u00eb Brendsh\u00ebm Saimir Tahiri. \u201cUn\u00eb e konsideroj n\u00eb pik\u00ebpamjen e nevoj\u00ebs publike q\u00eb korrupsioni t\u00eb d\u00ebnohet, pavar\u00ebsisht subjekteve q\u00eb jan\u00eb p\u00ebrfshir\u00eb, un\u00eb e konsideroj nj\u00eb sukses t\u00eb Prokuroris\u00eb. Ka b\u00ebr\u00eb t\u00eb mundur t\u00eb \u00e7oj\u00eb nj\u00eb minist\u00ebr goxha [&hellip;]<\/p>\n","protected":false},"author":2030,"featured_media":255278,"comment_status":"closed","ping_status":"closed","sticky":false,"template":"","format":"standard","meta":{"footnotes":""},"categories":[241,3366,5380,231],"tags":[],"class_list":{"0":"post-255277","1":"post","2":"type-post","3":"status-publish","4":"format-standard","5":"has-post-thumbnail","7":"category-aktualitet","8":"category-koment","9":"category-kryesore","10":"category-lajme"},"_links":{"self":[{"href":"https:\/\/zjarr.tv\/sq\/wp-json\/wp\/v2\/posts\/255277","targetHints":{"allow":["GET"]}}],"collection":[{"href":"https:\/\/zjarr.tv\/sq\/wp-json\/wp\/v2\/posts"}],"about":[{"href":"https:\/\/zjarr.tv\/sq\/wp-json\/wp\/v2\/types\/post"}],"author":[{"embeddable":true,"href":"https:\/\/zjarr.tv\/sq\/wp-json\/wp\/v2\/users\/2030"}],"replies":[{"embeddable":true,"href":"https:\/\/zjarr.tv\/sq\/wp-json\/wp\/v2\/comments?post=255277"}],"version-history":[{"count":0,"href":"https:\/\/zjarr.tv\/sq\/wp-json\/wp\/v2\/posts\/255277\/revisions"}],"wp:featuredmedia":[{"embeddable":true,"href":"https:\/\/zjarr.tv\/sq\/wp-json\/wp\/v2\/media\/255278"}],"wp:attachment":[{"href":"https:\/\/zjarr.tv\/sq\/wp-json\/wp\/v2\/media?parent=255277"}],"wp:term":[{"taxonomy":"category","embeddable":true,"href":"https:\/\/zjarr.tv\/sq\/wp-json\/wp\/v2\/categories?post=255277"},{"taxonomy":"post_tag","embeddable":true,"href":"https:\/\/zjarr.tv\/sq\/wp-json\/wp\/v2\/tags?post=255277"}],"curies":[{"name":"wp","href":"https:\/\/api.w.org\/{rel}","templated":true}]}}