{"id":255313,"date":"2022-05-01T18:48:10","date_gmt":"2022-05-01T16:48:10","guid":{"rendered":"https:\/\/zjarr.tv\/?p=255313"},"modified":"2022-05-01T18:48:10","modified_gmt":"2022-05-01T16:48:10","slug":"kuvendi-i-pd-se-kishte-dy-probleme-avokati-i-njohur-zbulon-prapaskenat-dhe-plas-deklaraten-e-forte-pse-mungonte-ky-emer","status":"publish","type":"post","link":"https:\/\/zjarr.tv\/sq\/kuvendi-i-pd-se-kishte-dy-probleme-avokati-i-njohur-zbulon-prapaskenat-dhe-plas-deklaraten-e-forte-pse-mungonte-ky-emer\/","title":{"rendered":"\u201cKuvendi i PD-s\u00eb kishte dy probleme\u201d, avokati i njohur zbulon prapaskenat dhe plas deklarat\u00ebn e fort\u00eb: Pse mungonte ky em\u00ebr"},"content":{"rendered":"<p>Avokati Altin Goxhaj ka komentuar Kuvendin e PD-s\u00eb i cili dit\u00ebn e djeshme zgjodhi edhe K\u00ebshillin Komb\u00ebtar.<\/p>\n<p>Sipas Goxhaj Kuvendi i djesh\u00ebm kishte dy probleme thelb\u00ebsore: S\u00eb pari, ai mendon se kjo parti nuk kishte ideologji konservatore q\u00eb t\u00eb krijoj\u00eb besimin n\u00eb popull. Dhe s\u00eb dyti, sipas Goxhajt problem \u00ebsht\u00eb mungesa e transparenc\u00ebs s\u00eb fitues t\u00eb K\u00ebshillit Komb\u00ebtar pasi PD-ja nuk ka publikuar list\u00ebn sa vota kan\u00eb marr\u00eb kandidat\u00ebt.<\/p>\n<p>\u201cUn\u00eb personalisht jam i pak\u00ebnaqur n\u00eb dy drejtime kryesore t\u00eb Kuvendit. Ndoqa cdo hap t\u00eb Kuvendit p\u00ebr t\u00eb gjetur nj\u00eb platform\u00eb nj\u00eb rezolut\u00eb q\u00eb t\u00eb p\u00ebrcaktonte ideologjin\u00eb konservatore dhe me th\u00ebn\u00eb t\u00eb drejt\u00ebn nuk pash\u00eb asgj\u00eb t\u00eb till\u00eb. Pash\u00eb dokumenta dhe diskutime t\u00eb ndryshme por nuk pash\u00eb q\u00eb kjo parti t\u00eb ishte ideologjike konservatore.<\/p>\n<p>E dyta pash\u00eb sot pash\u00eb list\u00ebn e sotme me emrat fitues t\u00eb njer\u00ebzve por jo votat q\u00eb kishin marr\u00eb. Kam par\u00eb me detaje cdo em\u00ebr mbiem\u00ebr, fakti q\u00eb nuk kan\u00eb publikuar votat konstatova dhe m\u00eb jep bindjen mua q\u00eb aty emri i Ibsen Elezit q\u00eb nuk del q\u00eb t\u00eb jet\u00eb zgjedhur nuk ka kuptim dhe un\u00eb e njoh shum\u00eb mir\u00eb Ibsen Elezin dhe PD dhe asnj\u00eb tjet\u00ebr nuk mund t\u00eb marr\u00eb m\u00eb shum\u00eb vota se Ibsen Elezi. Doja t\u00eb pyesja p\u00ebrse nuk kan\u00eb publikuar list\u00ebn e fituesve dhe numrin e votave? T\u00eb b\u00ebhet transparenc\u00eb pasi m\u00eb i fundit i tyre nuk mund t\u00eb marr\u00eb vota m\u00eb shum\u00eb se Ibsen Elezi. Heqja e tij \u00ebsht\u00eb nj\u00eb nxjerrje jasht\u00eb loje e familjes Elezi n\u00eb Kuk\u00ebs ne e dim\u00eb shum\u00eb mir\u00eb cfar\u00eb influence kan\u00eb aty. N\u00eb k\u00ebt\u00eb kuvend ka nj\u00eb grup shum\u00eb t\u00eb fort\u00eb brenda PD q\u00eb vazhdojn\u00eb t\u00eb ruajn\u00eb pozitat e forta t\u00eb Sorosit dhe ka nj\u00eb luft\u00eb t\u00eb paepur kund\u00ebr atij q\u00eb \u00ebsht\u00eb anti-Soros. Berisha sulmon Sorosin por k\u00ebt\u00eb grupin e tij e mban brenda PD-s\u00eb. Ne ky Kuvend na tha kush \u00ebsht\u00eb kund\u00ebr Sorosit rrezikon karrier\u00ebn, kush \u00ebsht\u00eb pro porosit e ka t\u00eb sigurt karrier\u00ebn, ky \u00ebsht\u00eb rezultati i K\u00ebshillit Komb\u00ebtar t\u00eb PD-s\u00eb.<\/p>\n<p>K\u00ebta flasin p\u00ebr parti t\u00eb hapur por n\u00ebse je kund\u00ebr Sorosit ke t\u00eb rrezikuar karrier\u00ebn. Vet\u00ebm Auloni ka fituar aty. Pash\u00eb nj\u00eb grup t\u00eb rinjsh brenda asaj partie q\u00eb mungonin q\u00eb t\u00eb ishin zgjedhur. Kam nj\u00eb pyetje si k\u00ebta do t\u00eb b\u00ebjn\u00eb nj\u00eb parti e besueshme p\u00ebr popullin q\u00eb t\u00eb vij\u00eb n\u00eb pushtet. Ibsenin e kishin futur n\u00eb list\u00eb sepse e kishte k\u00ebrkuar Sali Berisha q\u00eb t\u00eb ishte kandidat. Nuk e besoj q\u00eb Berisha t\u00eb ket\u00eb nxjerr\u00eb jasht\u00eb loje Edvin Kullurin dhe Ibsen Elezin dy kandidat\u00eb p\u00ebr kryetar partie, k\u00ebta i heqin emrin. Ibseni \u00ebsht\u00eb vendosur kandidat me k\u00ebrkes\u00eb t\u00eb Berish\u00ebs i cili i ka th\u00ebn\u00eb p\u00ebrse nuk \u00ebsht\u00eb kandidat\u201d, tha Goxhaj.<\/p>\n","protected":false},"excerpt":{"rendered":"<p>Avokati Altin Goxhaj ka komentuar Kuvendin e PD-s\u00eb i cili dit\u00ebn e djeshme zgjodhi edhe K\u00ebshillin Komb\u00ebtar. Sipas Goxhaj Kuvendi i djesh\u00ebm kishte dy probleme thelb\u00ebsore: S\u00eb pari, ai mendon se kjo parti nuk kishte ideologji konservatore q\u00eb t\u00eb krijoj\u00eb besimin n\u00eb popull. Dhe s\u00eb dyti, sipas Goxhajt problem \u00ebsht\u00eb mungesa e transparenc\u00ebs s\u00eb fitues [&hellip;]<\/p>\n","protected":false},"author":2030,"featured_media":255314,"comment_status":"closed","ping_status":"closed","sticky":false,"template":"","format":"standard","meta":{"footnotes":""},"categories":[241,3366,5380,231,1454],"tags":[],"class_list":{"0":"post-255313","1":"post","2":"type-post","3":"status-publish","4":"format-standard","5":"has-post-thumbnail","7":"category-aktualitet","8":"category-koment","9":"category-kryesore","10":"category-lajme","11":"category-politike"},"_links":{"self":[{"href":"https:\/\/zjarr.tv\/sq\/wp-json\/wp\/v2\/posts\/255313","targetHints":{"allow":["GET"]}}],"collection":[{"href":"https:\/\/zjarr.tv\/sq\/wp-json\/wp\/v2\/posts"}],"about":[{"href":"https:\/\/zjarr.tv\/sq\/wp-json\/wp\/v2\/types\/post"}],"author":[{"embeddable":true,"href":"https:\/\/zjarr.tv\/sq\/wp-json\/wp\/v2\/users\/2030"}],"replies":[{"embeddable":true,"href":"https:\/\/zjarr.tv\/sq\/wp-json\/wp\/v2\/comments?post=255313"}],"version-history":[{"count":0,"href":"https:\/\/zjarr.tv\/sq\/wp-json\/wp\/v2\/posts\/255313\/revisions"}],"wp:featuredmedia":[{"embeddable":true,"href":"https:\/\/zjarr.tv\/sq\/wp-json\/wp\/v2\/media\/255314"}],"wp:attachment":[{"href":"https:\/\/zjarr.tv\/sq\/wp-json\/wp\/v2\/media?parent=255313"}],"wp:term":[{"taxonomy":"category","embeddable":true,"href":"https:\/\/zjarr.tv\/sq\/wp-json\/wp\/v2\/categories?post=255313"},{"taxonomy":"post_tag","embeddable":true,"href":"https:\/\/zjarr.tv\/sq\/wp-json\/wp\/v2\/tags?post=255313"}],"curies":[{"name":"wp","href":"https:\/\/api.w.org\/{rel}","templated":true}]}}