{"id":255424,"date":"2022-05-02T17:20:01","date_gmt":"2022-05-02T15:20:01","guid":{"rendered":"https:\/\/zjarr.tv\/?p=255424"},"modified":"2022-05-02T17:20:01","modified_gmt":"2022-05-02T15:20:01","slug":"manjani-banoret-e-rinasit-te-mos-bllokojne-rrugen-te-shkojne-e-tu-kerkojne-hesap-deputeteve-te-sude-pushtetit","status":"publish","type":"post","link":"https:\/\/zjarr.tv\/sq\/manjani-banoret-e-rinasit-te-mos-bllokojne-rrugen-te-shkojne-e-tu-kerkojne-hesap-deputeteve-te-sude-pushtetit\/","title":{"rendered":"Manjani: Banor\u00ebt e Rinasit t\u00eb mos bllokojn\u00eb rrug\u00ebn, t\u00eb shkojn\u00eb e t\u2019u k\u00ebrkojn\u00eb hesap deputet\u00ebve t\u00eb Sude-pushtetit"},"content":{"rendered":"<p>Nga Ylli Manjani<\/p>\n<p>Sude-pushtetit nuk i del hesapi t\u00eb lidh\u00eb Tiran\u00ebn me aeroportin me rrug\u00eb t\u00eb gjer\u00eb e t\u00eb shpejt\u00eb. Akoma krenohet me rrug\u00ebn e koh\u00ebs t\u00eb Taqit, t\u00eb cil\u00ebs Ay i vuri ca rrah\u00ebse vez\u00ebsh si ndri\u00e7ues\u2026<\/p>\n<p>Sude-pushtetit iu desh\u00ebn paret p\u00ebr pun\u00eb t\u00eb tjera jo p\u00ebr akses me Aeroportin.<\/p>\n<p>Ata banor\u00ebt q\u00eb protestojn\u00eb sot p\u00ebr akses t\u00eb dyansh\u00ebm n\u00eb rrug\u00ebn e ngusht\u00eb t\u00eb Rinasit, b\u00ebjn\u00eb mir\u00eb t\u00eb mos bllokojn\u00eb rrug\u00ebn por der\u00ebn e sht\u00ebpis\u00eb s\u00eb deputet\u00ebve t\u00eb rilindjes q\u00eb i votuan gjith\u00eb qejf, fiks para nj\u00eb viti.<\/p>\n<p>Deputet\u00ebve t\u00eb Sude-pushtetit t\u00eb shkojn\u00eb e tu k\u00ebrkojn\u00eb hesap, jo rrug\u00ebs e as polic\u00ebve. Aq m\u00eb pak atyre q\u00eb duan t\u00eb kapin.<\/p>\n","protected":false},"excerpt":{"rendered":"<p>Nga Ylli Manjani Sude-pushtetit nuk i del hesapi t\u00eb lidh\u00eb Tiran\u00ebn me aeroportin me rrug\u00eb t\u00eb gjer\u00eb e t\u00eb shpejt\u00eb. Akoma krenohet me rrug\u00ebn e koh\u00ebs t\u00eb Taqit, t\u00eb cil\u00ebs Ay i vuri ca rrah\u00ebse vez\u00ebsh si ndri\u00e7ues\u2026 Sude-pushtetit iu desh\u00ebn paret p\u00ebr pun\u00eb t\u00eb tjera jo p\u00ebr akses me Aeroportin. Ata banor\u00ebt q\u00eb protestojn\u00eb [&hellip;]<\/p>\n","protected":false},"author":2030,"featured_media":189440,"comment_status":"closed","ping_status":"closed","sticky":false,"template":"","format":"standard","meta":{"footnotes":""},"categories":[241,3366,5380,231],"tags":[],"class_list":{"0":"post-255424","1":"post","2":"type-post","3":"status-publish","4":"format-standard","5":"has-post-thumbnail","7":"category-aktualitet","8":"category-koment","9":"category-kryesore","10":"category-lajme"},"_links":{"self":[{"href":"https:\/\/zjarr.tv\/sq\/wp-json\/wp\/v2\/posts\/255424","targetHints":{"allow":["GET"]}}],"collection":[{"href":"https:\/\/zjarr.tv\/sq\/wp-json\/wp\/v2\/posts"}],"about":[{"href":"https:\/\/zjarr.tv\/sq\/wp-json\/wp\/v2\/types\/post"}],"author":[{"embeddable":true,"href":"https:\/\/zjarr.tv\/sq\/wp-json\/wp\/v2\/users\/2030"}],"replies":[{"embeddable":true,"href":"https:\/\/zjarr.tv\/sq\/wp-json\/wp\/v2\/comments?post=255424"}],"version-history":[{"count":0,"href":"https:\/\/zjarr.tv\/sq\/wp-json\/wp\/v2\/posts\/255424\/revisions"}],"wp:featuredmedia":[{"embeddable":true,"href":"https:\/\/zjarr.tv\/sq\/wp-json\/wp\/v2\/media\/189440"}],"wp:attachment":[{"href":"https:\/\/zjarr.tv\/sq\/wp-json\/wp\/v2\/media?parent=255424"}],"wp:term":[{"taxonomy":"category","embeddable":true,"href":"https:\/\/zjarr.tv\/sq\/wp-json\/wp\/v2\/categories?post=255424"},{"taxonomy":"post_tag","embeddable":true,"href":"https:\/\/zjarr.tv\/sq\/wp-json\/wp\/v2\/tags?post=255424"}],"curies":[{"name":"wp","href":"https:\/\/api.w.org\/{rel}","templated":true}]}}