{"id":255447,"date":"2022-05-03T07:05:53","date_gmt":"2022-05-03T05:05:53","guid":{"rendered":"https:\/\/zjarr.tv\/?p=255447"},"modified":"2022-05-03T07:05:53","modified_gmt":"2022-05-03T05:05:53","slug":"aktori-mirush-kabashi-si-mban-mend-emrin-batuta-me-kryebashkiakun-rendesi-ka-ta-mbaje-mend-kryeministri","status":"publish","type":"post","link":"https:\/\/zjarr.tv\/sq\/aktori-mirush-kabashi-si-mban-mend-emrin-batuta-me-kryebashkiakun-rendesi-ka-ta-mbaje-mend-kryeministri\/","title":{"rendered":"Aktori Mirush Kabashi s\u2019i mban mend emrin, batuta me kryebashkiakun: R\u00ebnd\u00ebsi ka ta mbaj\u00eb mend kryeministri"},"content":{"rendered":"<p>Kryeministri Edi Rama i shoq\u00ebruar nga imami Elvis Na\u00e7i dhe aktori i njohur Mirush Kabashi kan\u00eb marr\u00eb pjes\u00eb sot n\u00eb nj\u00eb event n\u00eb Thuman\u00eb, ku jan\u00eb shp\u00ebrndar\u00eb 150 banesa p\u00ebr familjet e prekura nga t\u00ebrmeti i 26 n\u00ebntorit.<\/p>\n<p>Teksa ka marr\u00eb fjal\u00ebn, aktori Kabashi ka p\u00ebrsh\u00ebndetur t\u00eb pranishmit, por p\u00ebr i harroi emrin kryetarit t\u00eb Bashkis\u00eb Artur Bushi. Ai e kaloi me shaka k\u00ebt\u00eb moment:<\/p>\n<p>\u201cMir\u00ebmbr\u00ebma q\u00eb t\u00eb gjith\u00ebve, zoti kryeminist\u00ebr Edi Rama. Zoti Elvis Na\u00e7i, Kryetari i Bashkis\u00eb s\u00eb Thuman\u00ebs, turpi p\u00ebr t\u00eb gjall\u00ebt por nuk ia kujtoj emrin! Turi, t\u00eb k\u00ebrkoj ndjes\u00eb! Nuk \u00ebsht\u00eb e r\u00ebnd\u00ebsishme t\u00eb ta mbaj mend emrin un\u00eb, e r\u00ebnd\u00ebsishme \u00ebsht\u00eb t\u00eb ta mbaj\u00eb mend kryeministri. B\u00ebra nj\u00eb shaka\u201d, tha aktori Mirush Kabashi.<\/p>\n","protected":false},"excerpt":{"rendered":"<p>Kryeministri Edi Rama i shoq\u00ebruar nga imami Elvis Na\u00e7i dhe aktori i njohur Mirush Kabashi kan\u00eb marr\u00eb pjes\u00eb sot n\u00eb nj\u00eb event n\u00eb Thuman\u00eb, ku jan\u00eb shp\u00ebrndar\u00eb 150 banesa p\u00ebr familjet e prekura nga t\u00ebrmeti i 26 n\u00ebntorit. Teksa ka marr\u00eb fjal\u00ebn, aktori Kabashi ka p\u00ebrsh\u00ebndetur t\u00eb pranishmit, por p\u00ebr i harroi emrin kryetarit t\u00eb [&hellip;]<\/p>\n","protected":false},"author":2031,"featured_media":255448,"comment_status":"closed","ping_status":"closed","sticky":false,"template":"","format":"standard","meta":{"footnotes":""},"categories":[241,231,235],"tags":[],"class_list":{"0":"post-255447","1":"post","2":"type-post","3":"status-publish","4":"format-standard","5":"has-post-thumbnail","7":"category-aktualitet","8":"category-lajme","9":"category-vendi"},"_links":{"self":[{"href":"https:\/\/zjarr.tv\/sq\/wp-json\/wp\/v2\/posts\/255447","targetHints":{"allow":["GET"]}}],"collection":[{"href":"https:\/\/zjarr.tv\/sq\/wp-json\/wp\/v2\/posts"}],"about":[{"href":"https:\/\/zjarr.tv\/sq\/wp-json\/wp\/v2\/types\/post"}],"author":[{"embeddable":true,"href":"https:\/\/zjarr.tv\/sq\/wp-json\/wp\/v2\/users\/2031"}],"replies":[{"embeddable":true,"href":"https:\/\/zjarr.tv\/sq\/wp-json\/wp\/v2\/comments?post=255447"}],"version-history":[{"count":0,"href":"https:\/\/zjarr.tv\/sq\/wp-json\/wp\/v2\/posts\/255447\/revisions"}],"wp:featuredmedia":[{"embeddable":true,"href":"https:\/\/zjarr.tv\/sq\/wp-json\/wp\/v2\/media\/255448"}],"wp:attachment":[{"href":"https:\/\/zjarr.tv\/sq\/wp-json\/wp\/v2\/media?parent=255447"}],"wp:term":[{"taxonomy":"category","embeddable":true,"href":"https:\/\/zjarr.tv\/sq\/wp-json\/wp\/v2\/categories?post=255447"},{"taxonomy":"post_tag","embeddable":true,"href":"https:\/\/zjarr.tv\/sq\/wp-json\/wp\/v2\/tags?post=255447"}],"curies":[{"name":"wp","href":"https:\/\/api.w.org\/{rel}","templated":true}]}}