{"id":255745,"date":"2022-05-04T13:51:17","date_gmt":"2022-05-04T11:51:17","guid":{"rendered":"https:\/\/zjarr.tv\/?p=255745"},"modified":"2022-05-04T13:51:17","modified_gmt":"2022-05-04T11:51:17","slug":"i-perzgjedhuri-i-ps-se-alibeaj-vazhdon-lojen-e-balles-me-afatet","status":"publish","type":"post","link":"https:\/\/zjarr.tv\/sq\/i-perzgjedhuri-i-ps-se-alibeaj-vazhdon-lojen-e-balles-me-afatet\/","title":{"rendered":"I p\u00ebrzgjedhuri i PS-s\u00eb\/ Alibeaj vazhdon loj\u00ebn e Ball\u00ebs me afatet"},"content":{"rendered":"<p>Deputeti Enkelejd Alibeaj mori pjes\u00eb n\u00eb Konferenc\u00ebn e Kryetar\u00ebve, si i p\u00ebrzgjedhuri i socialist\u00ebve p\u00ebr t\u00eb diskutuar procesin e zgjedhjes s\u00eb presidentit t\u00eb ri. Komisioni i Rithemelit, q\u00eb drejton PD-n\u00eb, e ka quajtur k\u00ebt\u00eb nj\u00eb proces mafioz dhe fals, duke theksuar se nuk duan ta legjitimojn\u00eb at\u00eb. Megjithat\u00eb Alibeaj ishte i pranish\u00ebm sot n\u00eb Konferenc\u00ebn e Kryetar\u00ebve dhe vazhdoi loj\u00ebn e Taulant Ball\u00ebs me shtyrjet.<\/p>\n<p>Alibeaj tha se \u00ebsht\u00eb kund\u00ebr faktit q\u00eb procesi duhet t\u00eb nis\u00eb m\u00eb 10 maj. Sipas tij, raundi i par\u00eb duhet b\u00ebr\u00eb m\u00eb 24 maj.<\/p>\n<p>Para pak dit\u00ebsh ishte Taulant Balla q\u00eb k\u00ebrkoi shtyrjen e Konferenc\u00ebs s\u00eb Kryetar\u00ebve, duke deklaruar se kjo b\u00ebhet p\u00ebr t\u2019i dh\u00ebn\u00eb m\u00eb shum\u00eb koh\u00eb grupeve parlamentare q\u00eb t\u00eb b\u00ebhen pjes\u00eb e procesit.<\/p>\n","protected":false},"excerpt":{"rendered":"<p>Deputeti Enkelejd Alibeaj mori pjes\u00eb n\u00eb Konferenc\u00ebn e Kryetar\u00ebve, si i p\u00ebrzgjedhuri i socialist\u00ebve p\u00ebr t\u00eb diskutuar procesin e zgjedhjes s\u00eb presidentit t\u00eb ri. Komisioni i Rithemelit, q\u00eb drejton PD-n\u00eb, e ka quajtur k\u00ebt\u00eb nj\u00eb proces mafioz dhe fals, duke theksuar se nuk duan ta legjitimojn\u00eb at\u00eb. Megjithat\u00eb Alibeaj ishte i pranish\u00ebm sot n\u00eb Konferenc\u00ebn [&hellip;]<\/p>\n","protected":false},"author":2016,"featured_media":255746,"comment_status":"closed","ping_status":"closed","sticky":false,"template":"","format":"standard","meta":{"footnotes":""},"categories":[241,337,231,1454],"tags":[],"class_list":{"0":"post-255745","1":"post","2":"type-post","3":"status-publish","4":"format-standard","5":"has-post-thumbnail","7":"category-aktualitet","8":"category-kulture","9":"category-lajme","10":"category-politike"},"_links":{"self":[{"href":"https:\/\/zjarr.tv\/sq\/wp-json\/wp\/v2\/posts\/255745","targetHints":{"allow":["GET"]}}],"collection":[{"href":"https:\/\/zjarr.tv\/sq\/wp-json\/wp\/v2\/posts"}],"about":[{"href":"https:\/\/zjarr.tv\/sq\/wp-json\/wp\/v2\/types\/post"}],"author":[{"embeddable":true,"href":"https:\/\/zjarr.tv\/sq\/wp-json\/wp\/v2\/users\/2016"}],"replies":[{"embeddable":true,"href":"https:\/\/zjarr.tv\/sq\/wp-json\/wp\/v2\/comments?post=255745"}],"version-history":[{"count":0,"href":"https:\/\/zjarr.tv\/sq\/wp-json\/wp\/v2\/posts\/255745\/revisions"}],"wp:featuredmedia":[{"embeddable":true,"href":"https:\/\/zjarr.tv\/sq\/wp-json\/wp\/v2\/media\/255746"}],"wp:attachment":[{"href":"https:\/\/zjarr.tv\/sq\/wp-json\/wp\/v2\/media?parent=255745"}],"wp:term":[{"taxonomy":"category","embeddable":true,"href":"https:\/\/zjarr.tv\/sq\/wp-json\/wp\/v2\/categories?post=255745"},{"taxonomy":"post_tag","embeddable":true,"href":"https:\/\/zjarr.tv\/sq\/wp-json\/wp\/v2\/tags?post=255745"}],"curies":[{"name":"wp","href":"https:\/\/api.w.org\/{rel}","templated":true}]}}