{"id":255749,"date":"2022-05-04T13:54:46","date_gmt":"2022-05-04T11:54:46","guid":{"rendered":"https:\/\/zjarr.tv\/?p=255749"},"modified":"2022-05-04T13:54:46","modified_gmt":"2022-05-04T11:54:46","slug":"qeveria-shet-plazhin-e-manastirit-oligarket-gllaberojne-perlen-e-jugut","status":"publish","type":"post","link":"https:\/\/zjarr.tv\/sq\/qeveria-shet-plazhin-e-manastirit-oligarket-gllaberojne-perlen-e-jugut\/","title":{"rendered":"Qeveria shet plazhin e Manastirit: Oligark\u00ebt gllab\u00ebrojn\u00eb perl\u00ebn e Jugut"},"content":{"rendered":"<p>Qeveria duket se ka shitur nj\u00eb tjet\u00ebr perl\u00eb t\u00eb bregdetit ton\u00eb shqiptar. Duket se synimet e Ram\u00ebs jan\u00eb v\u00ebn\u00eb n\u00eb Sarand\u00eb e m\u00eb posht\u00eb pasi pas Butrintit, n\u00eb radh\u00eb ishte plazhi i Manastirit mes Sarand\u00ebs dhe Ksamilit.<\/p>\n<p>N\u00eb gjirin me uj\u00ebra t\u00eb kristalta e natyre t\u00eb virgj\u00ebr, i rrethuar nga nj\u00eb kodrin\u00eb mbi t\u00eb cil\u00ebn gjendet Manastiri i Sh\u00ebn Gjergjit do t\u00eb mbijn\u00eb vila e hotele private t\u00eb firm\u00ebs ALBSTAR t\u00eb oligark\u00ebve Sadik dhe Idajet Ismailaj.<\/p>\n<p>KKRT ka miratuar projektin n\u00eb kuad\u00ebr t\u00eb investitorit strategjik, ku oligark\u00ebt do t\u00eb investojn\u00eb 28 MLN \u20ac n\u00eb projektin me sip\u00ebrfaqe 53,467 m\u00b2.<\/p>\n<p>K\u00ebshilli Komb\u00ebtar i Rregullimit t\u00eb Territorit ka disa muaj q\u00eb ka miratuar ndryshimin e subjektit zhvillues p\u00ebr objektin \u201cResort Turistik 2, 3 dhe 4 kate me parkime n\u00ebntok\u00eb \u201cManastiri Resort\u201d.<\/p>\n<p>Oligark\u00ebt qeveritar\u00eb kan\u00eb marr\u00eb disa tendera t\u00eb r\u00ebnd\u00ebsish\u00ebm publik\u00eb nga qeveria n\u00eb t\u00eb gjitha sektoret, por kryesisht ARRSH dhe tashm\u00eb jan\u00eb shpallur invesitor\u00eb strategjik\u00eb n\u00eb plazhin e shitjes s\u00eb Shqip\u00ebris\u00eb tek oligark\u00ebt me regjizor Edi Ram\u00ebn dhe asistent\u00eb ministrat e tij.<\/p>\n","protected":false},"excerpt":{"rendered":"<p>Qeveria duket se ka shitur nj\u00eb tjet\u00ebr perl\u00eb t\u00eb bregdetit ton\u00eb shqiptar. Duket se synimet e Ram\u00ebs jan\u00eb v\u00ebn\u00eb n\u00eb Sarand\u00eb e m\u00eb posht\u00eb pasi pas Butrintit, n\u00eb radh\u00eb ishte plazhi i Manastirit mes Sarand\u00ebs dhe Ksamilit. N\u00eb gjirin me uj\u00ebra t\u00eb kristalta e natyre t\u00eb virgj\u00ebr, i rrethuar nga nj\u00eb kodrin\u00eb mbi t\u00eb cil\u00ebn [&hellip;]<\/p>\n","protected":false},"author":2020,"featured_media":255750,"comment_status":"closed","ping_status":"closed","sticky":false,"template":"","format":"standard","meta":{"footnotes":""},"categories":[241,5380,231],"tags":[],"class_list":{"0":"post-255749","1":"post","2":"type-post","3":"status-publish","4":"format-standard","5":"has-post-thumbnail","7":"category-aktualitet","8":"category-kryesore","9":"category-lajme"},"_links":{"self":[{"href":"https:\/\/zjarr.tv\/sq\/wp-json\/wp\/v2\/posts\/255749","targetHints":{"allow":["GET"]}}],"collection":[{"href":"https:\/\/zjarr.tv\/sq\/wp-json\/wp\/v2\/posts"}],"about":[{"href":"https:\/\/zjarr.tv\/sq\/wp-json\/wp\/v2\/types\/post"}],"author":[{"embeddable":true,"href":"https:\/\/zjarr.tv\/sq\/wp-json\/wp\/v2\/users\/2020"}],"replies":[{"embeddable":true,"href":"https:\/\/zjarr.tv\/sq\/wp-json\/wp\/v2\/comments?post=255749"}],"version-history":[{"count":0,"href":"https:\/\/zjarr.tv\/sq\/wp-json\/wp\/v2\/posts\/255749\/revisions"}],"wp:featuredmedia":[{"embeddable":true,"href":"https:\/\/zjarr.tv\/sq\/wp-json\/wp\/v2\/media\/255750"}],"wp:attachment":[{"href":"https:\/\/zjarr.tv\/sq\/wp-json\/wp\/v2\/media?parent=255749"}],"wp:term":[{"taxonomy":"category","embeddable":true,"href":"https:\/\/zjarr.tv\/sq\/wp-json\/wp\/v2\/categories?post=255749"},{"taxonomy":"post_tag","embeddable":true,"href":"https:\/\/zjarr.tv\/sq\/wp-json\/wp\/v2\/tags?post=255749"}],"curies":[{"name":"wp","href":"https:\/\/api.w.org\/{rel}","templated":true}]}}