{"id":256794,"date":"2022-05-08T14:35:53","date_gmt":"2022-05-08T12:35:53","guid":{"rendered":"https:\/\/zjarr.tv\/?p=256794"},"modified":"2022-05-08T14:35:53","modified_gmt":"2022-05-08T12:35:53","slug":"i-riu-u-arratis-nga-gjykata-e-korces-shcba-nis-hetimet-per-grupin-e-policeve-qe-e-shoqeronin","status":"publish","type":"post","link":"https:\/\/zjarr.tv\/sq\/i-riu-u-arratis-nga-gjykata-e-korces-shcba-nis-hetimet-per-grupin-e-policeve-qe-e-shoqeronin\/","title":{"rendered":"I riu u arratis nga Gjykata e Kor\u00e7\u00ebs, SH\u00c7BA nis hetimet p\u00ebr grupin e polic\u00ebve q\u00eb e shoq\u00ebronin"},"content":{"rendered":"<p>SH\u00c7BA ka nisur hetimet p\u00ebr grupin polic\u00ebve q\u00eb shoq\u00ebronin 21 vje\u00e7arin Kristjan Medolli, i cili \u00ebsht\u00eb arratisur nga ambientet e Gjykat\u00ebs s\u00eb Kor\u00e7\u00ebs.<\/p>\n<p>Kjo e fundit i caktoi mas\u00ebn e siguris\u00eb arrest n\u00eb burg.<\/p>\n<p>I riu \u00ebsht\u00eb arrestuar m\u00eb 6 maj p\u00ebr vjedhjen e nj\u00eb banese n\u00eb Qatrom, por sot ka ikur nga garazhi i Gjykat\u00ebs pas mbarimit t\u00eb mas\u00ebs s\u00eb siguris\u00eb.<\/p>\n<p>\u201cMesdit\u00ebn e sotme, n\u00eb Gjykat\u00ebn e Rrethit Gjyq\u00ebsor Kor\u00e7\u00eb, nga salla ku po zhvillohej seanca gjyq\u00ebsore, \u00ebsht\u00eb larguar shtetasi K. M., 21 vje\u00e7, banues n\u00eb Qatrom, Kor\u00e7\u00eb, (i arrestuar m\u00eb dat\u00eb 06.05.2022, p\u00ebr vjedhjen e nj\u00eb banese n\u00eb fshatin Qatrom)\u201d, njoftoi m\u00eb her\u00ebt policia.<\/p>\n<p>Nga ana e Policis\u00eb jan\u00eb ngritur pika kontrolli me q\u00ebllim kapjen e k\u00ebtij shtetasi.<\/p>\n","protected":false},"excerpt":{"rendered":"<p>SH\u00c7BA ka nisur hetimet p\u00ebr grupin polic\u00ebve q\u00eb shoq\u00ebronin 21 vje\u00e7arin Kristjan Medolli, i cili \u00ebsht\u00eb arratisur nga ambientet e Gjykat\u00ebs s\u00eb Kor\u00e7\u00ebs. Kjo e fundit i caktoi mas\u00ebn e siguris\u00eb arrest n\u00eb burg. I riu \u00ebsht\u00eb arrestuar m\u00eb 6 maj p\u00ebr vjedhjen e nj\u00eb banese n\u00eb Qatrom, por sot ka ikur nga garazhi i [&hellip;]<\/p>\n","protected":false},"author":2020,"featured_media":256795,"comment_status":"closed","ping_status":"closed","sticky":false,"template":"","format":"standard","meta":{"footnotes":""},"categories":[241,5380,231],"tags":[],"class_list":{"0":"post-256794","1":"post","2":"type-post","3":"status-publish","4":"format-standard","5":"has-post-thumbnail","7":"category-aktualitet","8":"category-kryesore","9":"category-lajme"},"_links":{"self":[{"href":"https:\/\/zjarr.tv\/sq\/wp-json\/wp\/v2\/posts\/256794","targetHints":{"allow":["GET"]}}],"collection":[{"href":"https:\/\/zjarr.tv\/sq\/wp-json\/wp\/v2\/posts"}],"about":[{"href":"https:\/\/zjarr.tv\/sq\/wp-json\/wp\/v2\/types\/post"}],"author":[{"embeddable":true,"href":"https:\/\/zjarr.tv\/sq\/wp-json\/wp\/v2\/users\/2020"}],"replies":[{"embeddable":true,"href":"https:\/\/zjarr.tv\/sq\/wp-json\/wp\/v2\/comments?post=256794"}],"version-history":[{"count":0,"href":"https:\/\/zjarr.tv\/sq\/wp-json\/wp\/v2\/posts\/256794\/revisions"}],"wp:featuredmedia":[{"embeddable":true,"href":"https:\/\/zjarr.tv\/sq\/wp-json\/wp\/v2\/media\/256795"}],"wp:attachment":[{"href":"https:\/\/zjarr.tv\/sq\/wp-json\/wp\/v2\/media?parent=256794"}],"wp:term":[{"taxonomy":"category","embeddable":true,"href":"https:\/\/zjarr.tv\/sq\/wp-json\/wp\/v2\/categories?post=256794"},{"taxonomy":"post_tag","embeddable":true,"href":"https:\/\/zjarr.tv\/sq\/wp-json\/wp\/v2\/tags?post=256794"}],"curies":[{"name":"wp","href":"https:\/\/api.w.org\/{rel}","templated":true}]}}