{"id":256805,"date":"2022-05-08T15:13:26","date_gmt":"2022-05-08T13:13:26","guid":{"rendered":"https:\/\/zjarr.tv\/?p=256805"},"modified":"2022-05-08T15:13:26","modified_gmt":"2022-05-08T13:13:26","slug":"resorte-ne-butrint-anetari-i-bordit-te-aadf-jep-doreheqjen-na-fshehen-dokumentet","status":"publish","type":"post","link":"https:\/\/zjarr.tv\/sq\/resorte-ne-butrint-anetari-i-bordit-te-aadf-jep-doreheqjen-na-fshehen-dokumentet\/","title":{"rendered":"Resorte n\u00eb Butrint\/ An\u00ebtari i bordit t\u00eb AADF jep dor\u00ebheqjen: Na fsheh\u00ebn dokumentet"},"content":{"rendered":"<p>Cafo Boga, shqiptaro-amerikani an\u00ebtar i bordit t\u00eb Fondacionit Shqiptaro-Amerikan p\u00ebr Zhvillim (AADF), ka dh\u00ebn\u00eb dor\u00ebheqjen para se emri i tij t\u00eb futej n\u00eb list\u00ebn e personave q\u00eb mb\u00ebshtesin dhe japin kontribut n\u00eb planin p\u00ebr menaxhimin e Parkut Komb\u00ebtar t\u00eb Butrintit.<\/p>\n<p>Me nj\u00eb eksperienc\u00eb 25-vje\u00e7are pran\u00eb AADF, Boga ka njoftuar dor\u00ebheqjen e tij p\u00ebrmes nj\u00eb letre, ku mes t\u00eb tjerave flet edhe p\u00ebr planin e menaxhimit t\u00eb Butrintit. N\u00eb artikullin e vet, Boga teksa i referohet rastit t\u00eb Butrintit, tregon se AADF nuk ia prezantoi bordit t\u00eb gjitha faktet dhe dokumentet lidhur me projektin n\u00eb fjal\u00eb, n\u00eb t\u00eb kundrat do t\u00eb ishin nd\u00ebrmarr\u00eb hapa p\u00ebr t\u00eb vepruar ndryshe.<\/p>\n<p>Sipas tij, nj\u00eb rol n\u00eb krijimin e polemikave ka pasur mungesa e transparenc\u00ebs dhe keqkuptimet. Fondacioni filloi me nj\u00eb plan t\u00eb integruar t\u00eb menaxhimit p\u00ebr Zon\u00ebn e Trash\u00ebgimis\u00eb Bot\u00ebrore t\u00eb Butrintit, si nj\u00eb nga vendet m\u00eb t\u00eb r\u00ebnd\u00ebsishme t\u00eb Shqip\u00ebris\u00eb\u2014dhe m\u00eb e v\u00ebshtira p\u00ebr t&#8217;u zbatuar. Pas shum\u00eb kthesave dhe pun\u00ebs s\u00eb mundimshme, plani u zbatua dhe do t\u00eb p\u00ebrdoret si prototip p\u00ebr objekte t\u00eb tjera t\u00eb trash\u00ebgimis\u00eb kulturore dhe arkeologjike, si Kompleksi i Amfiteatrit t\u00eb Durr\u00ebsit.<\/p>\n<p>M\u00eb duhet t\u00eb p\u00ebrmend se ky projekt ka shkaktuar shum\u00eb polemika dhe vazhdon t\u00eb jet\u00eb, p\u00ebr shkak t\u00eb rolit t\u00eb Fondacionit dhe m\u00ebnyr\u00ebs se si u zbatua. Sinqerisht, bordit nuk iu prezantuan t\u00eb gjitha faktet dhe dokumentet lidhur me k\u00ebt\u00eb projekt, p\u00ebrndryshe ne mund t\u00eb jemi ndalur m\u00eb thell\u00eb n\u00eb t\u00eb dhe ndoshta t\u00eb kemi vepruar ndryshe. Mungesa e transparenc\u00ebs dhe keqkuptimi luajti nj\u00eb rol n\u00eb t\u00eb.<\/p>\n<p>Projekte t\u00eb tjera t\u00eb AADF-s\u00eb ve\u00e7an\u00ebrisht t\u00eb denj\u00eb p\u00ebr t&#8217;u p\u00ebrmendur p\u00ebrfshijn\u00eb Sistemin Elektronik t\u00eb Biletave, i cili \u00ebsht\u00eb zbatuar n\u00eb disa vende t\u00eb trash\u00ebgimis\u00eb kulturore, duke p\u00ebrfshir\u00eb Muzeun Komb\u00ebtar t\u00eb Fotografis\u00eb &#8220;Marubi&#8221;, si dhe t\u00eb tjer\u00eb. P\u00ebrs\u00ebri, t\u00eb gjitha k\u00ebto projekte jan\u00eb b\u00ebr\u00eb n\u00eb bashk\u00ebpunim dhe partneritet me agjencit\u00eb qeveritare&#8221;, shkruan Boga.<\/p>\n<p>Sa i p\u00ebrket largimit t\u00eb tij, Boga shkruan se lidhet me kryetarin e bordit, Michael Granoff, dhe persona t\u00eb tjer\u00eb an\u00ebtar\u00eb t\u00eb AADF. Boga e konsideron largimin e tij t\u00eb pandersh\u00ebm teksa shkruan se \u201cPor p\u00ebr shkak se p\u00ebrvoja ka treguar se pushteti korrupton, b\u00ebj nj\u00eb p\u00ebrpjekje t\u00eb vet\u00ebdijshme p\u00ebr t\u00eb mos krijuar marr\u00ebdh\u00ebnie t\u00eb ngushta me njer\u00ebzit n\u00eb pushtet.\u201d<\/p>\n<p>\u201cTani disa fjal\u00eb p\u00ebr largimin tim t\u00eb papritur nga Fondacioni pas 25 vitesh sh\u00ebrbim besnik. Edhe pse \u00ebsht\u00eb normale dhe e pritshme q\u00eb dikush t\u00eb largohet p\u00ebrfundimisht pas kaq shum\u00eb vitesh sh\u00ebrbimi, largimi im nuk ishte normal dhe sinqerisht \u00ebsht\u00eb mjaft i pandersh\u00ebm p\u00ebr ata q\u00eb e soll\u00ebn. Personi kryesor p\u00ebr t\u00eb faj\u00ebsuar m\u00eb shum\u00eb \u00ebsht\u00eb kryetari, Michael Granoff, por edhe p\u00ebrgjegj\u00ebs jan\u00eb disa nga an\u00ebtar\u00ebt e bordit q\u00eb lejuan q\u00eb kjo t\u00eb ndodh\u00eb. Q\u00eb n\u00eb fillim kam mbajtur gjithmon\u00eb nj\u00eb marr\u00ebdh\u00ebnie miq\u00ebsore dhe biznesore me kryetarin.<\/p>\n<p>E lavd\u00ebrova n\u00eb komunitet, si n\u00eb SHBA ashtu edhe n\u00eb Shqip\u00ebri, gj\u00eb q\u00eb do ta d\u00ebshmonin shum\u00eb njer\u00ebz. Por p\u00ebr shkak se p\u00ebrvoja ka treguar se pushteti korrupton, b\u00ebj nj\u00eb p\u00ebrpjekje t\u00eb vet\u00ebdijshme p\u00ebr t\u00eb mos krijuar marr\u00ebdh\u00ebnie t\u00eb ngushta me njer\u00ebzit n\u00eb pushtet. N\u00eb diskutim, Michael m\u00eb trajtoi me respekt dhe shum\u00eb her\u00eb m\u00eb fal\u00ebnderoi p\u00ebr kontributet e mia\u2014ve\u00e7an\u00ebrisht p\u00ebr efikasitetin tim n\u00eb kryesimin e Komitetit t\u00eb Auditimit; megjithat\u00eb, kjo mir\u00ebsjellje nuk zgjati deri n\u00eb fund.<\/p>\n<p>Michael u p\u00ebrpoq t\u00eb minimizonte gradualisht kontributet e mia t\u00eb dukshme dhe t\u00eb kufizonte dukshm\u00ebrin\u00eb time, gj\u00eb t\u00eb cil\u00ebn dy bashk\u00ebdrejtor\u00ebt e ekzekutivit, Martin Mata dhe Aleksander Sarapulli, e vun\u00eb re dhe m\u00eb vun\u00eb n\u00eb pyetje. Th\u00ebn\u00eb kjo, duke ditur personalitetin e Michael &#8220;t\u00eb gjitha rreth Michael&#8221;, nuk i kushtova shum\u00eb v\u00ebmendje shqet\u00ebsimeve t\u00eb CEO-ve dhe vazhdova t\u00eb b\u00ebja pun\u00ebn time\u201d, shkruan Boga.<\/p>\n","protected":false},"excerpt":{"rendered":"<p>Cafo Boga, shqiptaro-amerikani an\u00ebtar i bordit t\u00eb Fondacionit Shqiptaro-Amerikan p\u00ebr Zhvillim (AADF), ka dh\u00ebn\u00eb dor\u00ebheqjen para se emri i tij t\u00eb futej n\u00eb list\u00ebn e personave q\u00eb mb\u00ebshtesin dhe japin kontribut n\u00eb planin p\u00ebr menaxhimin e Parkut Komb\u00ebtar t\u00eb Butrintit. Me nj\u00eb eksperienc\u00eb 25-vje\u00e7are pran\u00eb AADF, Boga ka njoftuar dor\u00ebheqjen e tij p\u00ebrmes nj\u00eb letre, [&hellip;]<\/p>\n","protected":false},"author":2020,"featured_media":256806,"comment_status":"closed","ping_status":"closed","sticky":false,"template":"","format":"standard","meta":{"footnotes":""},"categories":[241,5380,231],"tags":[],"class_list":{"0":"post-256805","1":"post","2":"type-post","3":"status-publish","4":"format-standard","5":"has-post-thumbnail","7":"category-aktualitet","8":"category-kryesore","9":"category-lajme"},"_links":{"self":[{"href":"https:\/\/zjarr.tv\/sq\/wp-json\/wp\/v2\/posts\/256805","targetHints":{"allow":["GET"]}}],"collection":[{"href":"https:\/\/zjarr.tv\/sq\/wp-json\/wp\/v2\/posts"}],"about":[{"href":"https:\/\/zjarr.tv\/sq\/wp-json\/wp\/v2\/types\/post"}],"author":[{"embeddable":true,"href":"https:\/\/zjarr.tv\/sq\/wp-json\/wp\/v2\/users\/2020"}],"replies":[{"embeddable":true,"href":"https:\/\/zjarr.tv\/sq\/wp-json\/wp\/v2\/comments?post=256805"}],"version-history":[{"count":0,"href":"https:\/\/zjarr.tv\/sq\/wp-json\/wp\/v2\/posts\/256805\/revisions"}],"wp:featuredmedia":[{"embeddable":true,"href":"https:\/\/zjarr.tv\/sq\/wp-json\/wp\/v2\/media\/256806"}],"wp:attachment":[{"href":"https:\/\/zjarr.tv\/sq\/wp-json\/wp\/v2\/media?parent=256805"}],"wp:term":[{"taxonomy":"category","embeddable":true,"href":"https:\/\/zjarr.tv\/sq\/wp-json\/wp\/v2\/categories?post=256805"},{"taxonomy":"post_tag","embeddable":true,"href":"https:\/\/zjarr.tv\/sq\/wp-json\/wp\/v2\/tags?post=256805"}],"curies":[{"name":"wp","href":"https:\/\/api.w.org\/{rel}","templated":true}]}}