{"id":256817,"date":"2022-05-08T16:00:24","date_gmt":"2022-05-08T14:00:24","guid":{"rendered":"https:\/\/zjarr.tv\/?p=256817"},"modified":"2022-05-08T16:00:24","modified_gmt":"2022-05-08T14:00:24","slug":"thirrja-e-rames-per-arrestimin-e-berishes-avokat-ngjela-tregon-perse-ish-kryeministri-nuk-mund-te-gjykohet-nga-spak","status":"publish","type":"post","link":"https:\/\/zjarr.tv\/sq\/thirrja-e-rames-per-arrestimin-e-berishes-avokat-ngjela-tregon-perse-ish-kryeministri-nuk-mund-te-gjykohet-nga-spak\/","title":{"rendered":"Thirrja e Ram\u00ebs p\u00ebr arrestimin e Berish\u00ebs, avokat Ngjela tregon p\u00ebrse ish-kryeministri nuk mund t\u00eb gjykohet nga SPAK"},"content":{"rendered":"<p>Kryeministri Edi Rama i b\u00ebri thirrje dje Prokuroris\u00eb Speciale q\u00eb t\u00eb merrej \u201cme non grat\u00ebn e madhe\u201d Sali Berisha . Por, avokat Spartak Ngjela tregon nj\u00eb rrug\u00eb tjet\u00ebr q\u00eb duhet t\u00eb ndiqet p\u00ebr t\u00eb \u00e7uar n\u00eb prangosjen e ish-kryeministrit, duke p\u00ebrjashtuar SPAK.<\/p>\n<p>Denoncimin duhet ta b\u00ebjn\u00eb organet ligjore amerikane n\u00eb nj\u00eb prokurori dhe gjykat\u00eb nd\u00ebrkomb\u00ebtare p\u00ebr gjykimin e krimeve n\u00eb Shqip\u00ebri, dhe jasht\u00eb saj. P\u00ebr krimet q\u00eb kan\u00eb kryer krer\u00ebt e politik\u00ebs shqiptare q\u00eb kan\u00eb qen\u00eb n\u00eb pushtet\u201d, shkruan avokati nd\u00ebr t\u00eb tjera.<\/p>\n<p>Shkruan Spartak Ngjela:<\/p>\n<p>Rama nuk e kupton dot sakt\u00eb se \u00e7far\u00eb \u00ebsht\u00eb krimi i organizuar n\u00eb rangjet e larta t\u00eb politik\u00ebs. Nuk mund t\u2019i k\u00ebrkohet pushtetit gjyq\u00ebsor shqiptar penalizmi i Saliut. Pse?<\/p>\n<p>Po k\u00ebtu del kjo pyetje:<\/p>\n<p>P\u00ebrse nuk e denoncuan p\u00ebrpara pushtetit gjyq\u00ebsor n\u00eb Prishtin\u00eb Tha\u00e7in nd\u00ebrkomb\u00ebtar\u00ebt, por e\u00a0 paraqit\u00ebn denoncimin kund\u00ebr tij n\u00eb Hag\u00eb?<\/p>\n<p>Sepse, gjithkush nga gjyqtar\u00ebt e gjykat\u00ebs s\u00eb Prishtin\u00ebs do t\u2019i ndruhej vrasjes s\u00eb tij. Tha\u00e7i drejtonte ende nj\u00eb organizat\u00eb paraushtarake n\u00eb Kosov\u00eb. E kuptoni tani se p\u00ebrse Saliu nuk mund t\u00eb gjykohet nga SPAK? Dhe, e kuptoni gjithashtu se p\u00ebrse amerikan\u00ebt nuk e kan\u00eb sjell\u00eb ende denoncimin e tyre kund\u00ebr Saliut n\u00eb SPAK?<\/p>\n<p>Por, a do t\u00eb gjykohet Saliu?<\/p>\n<p>Sigurisht q\u00eb po. E ndoshta ashtu si edhe Tha\u00e7i. Por denoncimin duhet ta b\u00ebjn\u00eb organet ligjore amerikane n\u00eb nj\u00eb prokurori dhe gjykat\u00eb nd\u00ebrkomb\u00ebtare p\u00ebr gjykimin e krimeve n\u00eb Shqip\u00ebri, dhe jasht\u00eb saj. P\u00ebr krimet q\u00eb kan\u00eb kryer krer\u00ebt e politik\u00ebs shqiptare q\u00eb kan\u00eb qen\u00eb n\u00eb pushtet.<\/p>\n<p>Por, dhe kjo gjykat\u00eb, duhet t\u00eb ngrihet jasht\u00eb Shqip\u00ebris\u00eb, nga Parlamenti i Shqip\u00ebris\u00eb, me ligj t\u00eb ve\u00e7ant\u00eb. Nj\u00eblloj si\u00e7 u b\u00eb edhe n\u00eb Kosov\u00eb.<\/p>\n","protected":false},"excerpt":{"rendered":"<p>Kryeministri Edi Rama i b\u00ebri thirrje dje Prokuroris\u00eb Speciale q\u00eb t\u00eb merrej \u201cme non grat\u00ebn e madhe\u201d Sali Berisha . Por, avokat Spartak Ngjela tregon nj\u00eb rrug\u00eb tjet\u00ebr q\u00eb duhet t\u00eb ndiqet p\u00ebr t\u00eb \u00e7uar n\u00eb prangosjen e ish-kryeministrit, duke p\u00ebrjashtuar SPAK. Denoncimin duhet ta b\u00ebjn\u00eb organet ligjore amerikane n\u00eb nj\u00eb prokurori dhe gjykat\u00eb nd\u00ebrkomb\u00ebtare [&hellip;]<\/p>\n","protected":false},"author":2020,"featured_media":190038,"comment_status":"closed","ping_status":"closed","sticky":false,"template":"","format":"standard","meta":{"footnotes":""},"categories":[241,5380,231],"tags":[],"class_list":{"0":"post-256817","1":"post","2":"type-post","3":"status-publish","4":"format-standard","5":"has-post-thumbnail","7":"category-aktualitet","8":"category-kryesore","9":"category-lajme"},"_links":{"self":[{"href":"https:\/\/zjarr.tv\/sq\/wp-json\/wp\/v2\/posts\/256817","targetHints":{"allow":["GET"]}}],"collection":[{"href":"https:\/\/zjarr.tv\/sq\/wp-json\/wp\/v2\/posts"}],"about":[{"href":"https:\/\/zjarr.tv\/sq\/wp-json\/wp\/v2\/types\/post"}],"author":[{"embeddable":true,"href":"https:\/\/zjarr.tv\/sq\/wp-json\/wp\/v2\/users\/2020"}],"replies":[{"embeddable":true,"href":"https:\/\/zjarr.tv\/sq\/wp-json\/wp\/v2\/comments?post=256817"}],"version-history":[{"count":0,"href":"https:\/\/zjarr.tv\/sq\/wp-json\/wp\/v2\/posts\/256817\/revisions"}],"wp:featuredmedia":[{"embeddable":true,"href":"https:\/\/zjarr.tv\/sq\/wp-json\/wp\/v2\/media\/190038"}],"wp:attachment":[{"href":"https:\/\/zjarr.tv\/sq\/wp-json\/wp\/v2\/media?parent=256817"}],"wp:term":[{"taxonomy":"category","embeddable":true,"href":"https:\/\/zjarr.tv\/sq\/wp-json\/wp\/v2\/categories?post=256817"},{"taxonomy":"post_tag","embeddable":true,"href":"https:\/\/zjarr.tv\/sq\/wp-json\/wp\/v2\/tags?post=256817"}],"curies":[{"name":"wp","href":"https:\/\/api.w.org\/{rel}","templated":true}]}}