{"id":256836,"date":"2022-05-08T17:22:21","date_gmt":"2022-05-08T15:22:21","guid":{"rendered":"https:\/\/zjarr.tv\/?p=256836"},"modified":"2022-05-08T17:22:21","modified_gmt":"2022-05-08T15:22:21","slug":"dikur-punonte-gazetar-deputeti-i-ps-se-tregon-si-e-beri-taulant-balla-pjese-te-politikes","status":"publish","type":"post","link":"https:\/\/zjarr.tv\/sq\/dikur-punonte-gazetar-deputeti-i-ps-se-tregon-si-e-beri-taulant-balla-pjese-te-politikes\/","title":{"rendered":"Dikur punonte gazetar, deputeti i PS-s\u00eb tregon si e b\u00ebri Taulant Balla pjes\u00eb t\u00eb politik\u00ebs"},"content":{"rendered":"<p>Deputet i Partis\u00eb Socialiste n\u00eb qarkun e Elbasanit, Besian Ajazi ka qen\u00eb i ftuar n\u00eb emisionin \u2018Fitstation\u2019. N\u00eb nj\u00eb rr\u00ebfim ndryshe ai zbuloi se si ndodhi shk\u00ebputja nga media ku punonte si gazetar p\u00ebr tu b\u00ebr\u00eb pjes\u00eb e politik\u00ebs.<\/p>\n<p>\u2018N\u00eb vitet kur Partia Socialiste ishte n\u00eb opozit\u00eb un\u00eb e mbuloja si gazetar i sektorit n\u00eb logon e televizionit News24. Aty p\u00ebr aty mu dha mund\u00ebsia q\u00eb t\u00eb p\u00ebrfshihem n\u00eb politik\u00eb. E pranova me shum\u00eb k\u00ebnaq\u00ebsi ftes\u00ebn nga nj\u00eb mik i imi tashm\u00eb zoti Balla, ishte ai q\u00eb m\u00eb ftoi t\u00eb b\u00ebhem pjes\u00eb e skuadr\u00ebs s\u00eb tij t\u00eb vog\u00ebl n\u00eb at\u00eb koh\u00eb\u201d \u2013 u shpreh Ajazi.<\/p>\n<p><img loading=\"lazy\" decoding=\"async\" class=\"alignnone size-medium wp-image-256837\" src=\"https:\/\/zjarr.tv\/wp-content\/uploads\/2022\/05\/Untitled-design-2022-05-08T172109.988-300x251.jpg\" alt=\"\" width=\"300\" height=\"251\" srcset=\"https:\/\/zjarr.tv\/wp-content\/uploads\/2022\/05\/Untitled-design-2022-05-08T172109.988-300x251.jpg 300w, https:\/\/zjarr.tv\/wp-content\/uploads\/2022\/05\/Untitled-design-2022-05-08T172109.988-768x644.jpg 768w, https:\/\/zjarr.tv\/wp-content\/uploads\/2022\/05\/Untitled-design-2022-05-08T172109.988-696x583.jpg 696w, https:\/\/zjarr.tv\/wp-content\/uploads\/2022\/05\/Untitled-design-2022-05-08T172109.988-501x420.jpg 501w, https:\/\/zjarr.tv\/wp-content\/uploads\/2022\/05\/Untitled-design-2022-05-08T172109.988.jpg 940w\" sizes=\"auto, (max-width: 300px) 100vw, 300px\" \/><\/p>\n","protected":false},"excerpt":{"rendered":"<p>Deputet i Partis\u00eb Socialiste n\u00eb qarkun e Elbasanit, Besian Ajazi ka qen\u00eb i ftuar n\u00eb emisionin \u2018Fitstation\u2019. N\u00eb nj\u00eb rr\u00ebfim ndryshe ai zbuloi se si ndodhi shk\u00ebputja nga media ku punonte si gazetar p\u00ebr tu b\u00ebr\u00eb pjes\u00eb e politik\u00ebs. \u2018N\u00eb vitet kur Partia Socialiste ishte n\u00eb opozit\u00eb un\u00eb e mbuloja si gazetar i sektorit n\u00eb [&hellip;]<\/p>\n","protected":false},"author":2030,"featured_media":256838,"comment_status":"closed","ping_status":"closed","sticky":false,"template":"","format":"standard","meta":{"footnotes":""},"categories":[241,3366,5380,231,1454],"tags":[],"class_list":{"0":"post-256836","1":"post","2":"type-post","3":"status-publish","4":"format-standard","5":"has-post-thumbnail","7":"category-aktualitet","8":"category-koment","9":"category-kryesore","10":"category-lajme","11":"category-politike"},"_links":{"self":[{"href":"https:\/\/zjarr.tv\/sq\/wp-json\/wp\/v2\/posts\/256836","targetHints":{"allow":["GET"]}}],"collection":[{"href":"https:\/\/zjarr.tv\/sq\/wp-json\/wp\/v2\/posts"}],"about":[{"href":"https:\/\/zjarr.tv\/sq\/wp-json\/wp\/v2\/types\/post"}],"author":[{"embeddable":true,"href":"https:\/\/zjarr.tv\/sq\/wp-json\/wp\/v2\/users\/2030"}],"replies":[{"embeddable":true,"href":"https:\/\/zjarr.tv\/sq\/wp-json\/wp\/v2\/comments?post=256836"}],"version-history":[{"count":0,"href":"https:\/\/zjarr.tv\/sq\/wp-json\/wp\/v2\/posts\/256836\/revisions"}],"wp:featuredmedia":[{"embeddable":true,"href":"https:\/\/zjarr.tv\/sq\/wp-json\/wp\/v2\/media\/256838"}],"wp:attachment":[{"href":"https:\/\/zjarr.tv\/sq\/wp-json\/wp\/v2\/media?parent=256836"}],"wp:term":[{"taxonomy":"category","embeddable":true,"href":"https:\/\/zjarr.tv\/sq\/wp-json\/wp\/v2\/categories?post=256836"},{"taxonomy":"post_tag","embeddable":true,"href":"https:\/\/zjarr.tv\/sq\/wp-json\/wp\/v2\/tags?post=256836"}],"curies":[{"name":"wp","href":"https:\/\/api.w.org\/{rel}","templated":true}]}}