{"id":256841,"date":"2022-05-08T17:27:16","date_gmt":"2022-05-08T15:27:16","guid":{"rendered":"https:\/\/zjarr.tv\/?p=256841"},"modified":"2022-05-08T17:27:16","modified_gmt":"2022-05-08T15:27:16","slug":"fatos-nano-presidenti-i-ri-i-vendit-manjani-del-me-deklaraten-e-forte-ai-eshte-universitet-politik-vetem-keta-2-politikane-ishin-kunder","status":"publish","type":"post","link":"https:\/\/zjarr.tv\/sq\/fatos-nano-presidenti-i-ri-i-vendit-manjani-del-me-deklaraten-e-forte-ai-eshte-universitet-politik-vetem-keta-2-politikane-ishin-kunder\/","title":{"rendered":"Fatos Nano Presidenti i ri i vendit? Manjani del me deklarat\u00ebn e fort\u00eb: Ai \u00ebsht\u00eb universitet politik! Vet\u00ebm k\u00ebta 2 politikan\u00eb ishin kund\u00ebr&#8230;"},"content":{"rendered":"<p>Ish-ministri i Drejt\u00ebsis\u00eb, Ylli Manjani shprehet p\u00ebrmes nj\u00eb postimi n\u00eb rrjetet sociale se po t\u00eb ishte deputet do t\u00eb votonte pas asnj\u00eb dyshim q\u00eb n\u00eb krye t\u00eb Presidenc\u00ebs t\u00eb vendosje Fatos Nano.<\/p>\n<p>Manjani e p\u00ebrshkruan Nanon si nj\u00eb dialogues t\u00eb zoti dhe mish\u00ebrim i toleranc\u00ebs politike.<\/p>\n<p>Postimi i plot\u00eb:<\/p>\n<p>Fatos Nano President?!<\/p>\n<p>Se di! Po t\u00eb jet\u00eb e v\u00ebrtet\u00eb kjo nuk \u00ebsht\u00eb ide e keqe, p\u00ebrkundrazi.<\/p>\n<p>Socialist\u00ebt ja kan\u00eb borxh Fatosit. Pa asnj\u00eb dyshim! Meta dhe Rama kan\u00eb qen\u00eb pengesa e Tij p\u00ebr t\u00eb sh\u00ebrbyer n\u00eb detyr\u00ebn e Presidentit\u2026<\/p>\n<p>Por mbi t\u00eb gjitha, Fatos Nano i ka t\u00eb gjitha cil\u00ebsit\u00eb dhe mund\u00ebsit\u00eb t\u00eb jet\u00eb nj\u00eb President i mir\u00eb. Ai \u00ebsht\u00eb universitet politik. Dialogues i zoti.<\/p>\n<p>Mish\u00ebrim i toleranc\u00ebs politike. Cil\u00ebsi t\u00eb cilat politika jon\u00eb ka vite q\u00eb i ka humbur. Padyshim q\u00eb mjedisit publik, politik dhe shtet\u00ebror i b\u00ebhet mir\u00eb nga rikthimi aktiv i Fatos Nanos. Po t\u00eb isha deputet do ta votoja pa asnj\u00eb ekuivok.<\/p>\n","protected":false},"excerpt":{"rendered":"<p>Ish-ministri i Drejt\u00ebsis\u00eb, Ylli Manjani shprehet p\u00ebrmes nj\u00eb postimi n\u00eb rrjetet sociale se po t\u00eb ishte deputet do t\u00eb votonte pas asnj\u00eb dyshim q\u00eb n\u00eb krye t\u00eb Presidenc\u00ebs t\u00eb vendosje Fatos Nano. Manjani e p\u00ebrshkruan Nanon si nj\u00eb dialogues t\u00eb zoti dhe mish\u00ebrim i toleranc\u00ebs politike. Postimi i plot\u00eb: Fatos Nano President?! Se di! Po [&hellip;]<\/p>\n","protected":false},"author":2030,"featured_media":256842,"comment_status":"closed","ping_status":"closed","sticky":false,"template":"","format":"standard","meta":{"footnotes":""},"categories":[241,3366,5380,231,1454],"tags":[],"class_list":{"0":"post-256841","1":"post","2":"type-post","3":"status-publish","4":"format-standard","5":"has-post-thumbnail","7":"category-aktualitet","8":"category-koment","9":"category-kryesore","10":"category-lajme","11":"category-politike"},"_links":{"self":[{"href":"https:\/\/zjarr.tv\/sq\/wp-json\/wp\/v2\/posts\/256841","targetHints":{"allow":["GET"]}}],"collection":[{"href":"https:\/\/zjarr.tv\/sq\/wp-json\/wp\/v2\/posts"}],"about":[{"href":"https:\/\/zjarr.tv\/sq\/wp-json\/wp\/v2\/types\/post"}],"author":[{"embeddable":true,"href":"https:\/\/zjarr.tv\/sq\/wp-json\/wp\/v2\/users\/2030"}],"replies":[{"embeddable":true,"href":"https:\/\/zjarr.tv\/sq\/wp-json\/wp\/v2\/comments?post=256841"}],"version-history":[{"count":0,"href":"https:\/\/zjarr.tv\/sq\/wp-json\/wp\/v2\/posts\/256841\/revisions"}],"wp:featuredmedia":[{"embeddable":true,"href":"https:\/\/zjarr.tv\/sq\/wp-json\/wp\/v2\/media\/256842"}],"wp:attachment":[{"href":"https:\/\/zjarr.tv\/sq\/wp-json\/wp\/v2\/media?parent=256841"}],"wp:term":[{"taxonomy":"category","embeddable":true,"href":"https:\/\/zjarr.tv\/sq\/wp-json\/wp\/v2\/categories?post=256841"},{"taxonomy":"post_tag","embeddable":true,"href":"https:\/\/zjarr.tv\/sq\/wp-json\/wp\/v2\/tags?post=256841"}],"curies":[{"name":"wp","href":"https:\/\/api.w.org\/{rel}","templated":true}]}}