{"id":256845,"date":"2022-05-08T17:30:11","date_gmt":"2022-05-08T15:30:11","guid":{"rendered":"https:\/\/zjarr.tv\/?p=256845"},"modified":"2022-05-08T17:30:11","modified_gmt":"2022-05-08T15:30:11","slug":"kur-une-ua-thoja-njerezit-nuk-me-besonin-alfred-cako-del-me-paralajmerimin-e-frikshem-dhe-ben-deklaraten-e-forte-per-kryeministrin-rama","status":"publish","type":"post","link":"https:\/\/zjarr.tv\/sq\/kur-une-ua-thoja-njerezit-nuk-me-besonin-alfred-cako-del-me-paralajmerimin-e-frikshem-dhe-ben-deklaraten-e-forte-per-kryeministrin-rama\/","title":{"rendered":"\u201cKur un\u00eb ua thoja, njer\u00ebzit nuk m\u00eb besonin\u201d\/ Alfred Cako del me paralajm\u00ebrimin e friksh\u00ebm dhe b\u00ebn deklarat\u00ebn e fort\u00eb p\u00ebr kryeministrin Rama"},"content":{"rendered":"<p>Konspiracionisti Alfred Cako paralajm\u00ebron se nj\u00eb kriz\u00eb e r\u00ebnd\u00eb urie do t\u00eb prek vendin ton\u00eb sikurse shum\u00eb shtete t\u00eb bot\u00ebs. Nisur nga kjo ai iu b\u00ebn thirrje gjith\u00eb shqiptar\u00ebve q\u00eb t\u00eb grumbullojn\u00eb sa m\u00eb shum\u00eb ushqime n\u00eb banesat e tyre.<\/p>\n<p>\u201cKur un\u00eb iu thoja, njer\u00ebzit nuk besonin dhe thonin \u00e7far\u00eb po flet ky. Pse ndjell zi ky. Kur un\u00eb iu thoja shqiptar\u00ebve siguroni ushqime p\u00ebr dimrin 2022-2023, pasi do shtrenjtohen ushqimet, karburantet, nj\u00eb pjes\u00eb e madhe e tyre edhe qeshnin. Ishalla ta kem un\u00eb gabim dhe t\u00eb mos dal\u00eb asnj\u00eb nga k\u00ebto parashikime t\u00eb shumta, por un\u00eb di t\u00eb flas se studioj vazhdimisht dhe k\u00ebshtu parashikoj \u00e7far\u00eb do t\u00eb ndodh\u00eb n\u00eb rang global, se ne nuk i shp\u00ebtojm\u00eb p\u00ebrvoj\u00ebs globale. Iu kam th\u00ebn\u00eb bujqve shqiptar\u00eb, q\u00eb ju sot keni n\u00eb dor\u00eb ekzistenc\u00ebn e rac\u00ebs shqiptare, duhet t\u00eb mos lini asnj\u00eb centimet\u00ebr toka pa mbjell\u00eb.<\/p>\n<p>T\u00eb gjith\u00eb ku kan\u00eb nj\u00eb tok\u00eb para sht\u00ebpis\u00eb, t\u00eb mbjellin di\u00e7ka, qoft\u00eb edhe nj\u00eb pem\u00eb frutore edhe dy rr\u00ebnj\u00eb domate. Duhet t\u00eb jen\u00eb shum\u00eb t\u00eb kujdessh\u00ebm shqiptar\u00ebt, q\u00eb tani duhet t\u00eb fillojn\u00eb t\u00eb grumbullojn\u00eb nga pak vaj, mish i that\u00eb. Do pllakos\u00eb nj\u00eb kriz\u00eb shum\u00eb e madhe urie. Se ne nuk kemi qeveritar\u00eb. Ky toni k\u00ebtu \u00ebsht\u00eb super i korruptuar, ka bashk\u00ebpunuar me k\u00ebta dhe \u00ebsht\u00eb i zhytur deri n\u00eb gryk\u00eb dhe n\u00eb qoft\u00eb se iu thot\u00eb atyre p\u00ebr nj\u00eb gj\u00eb jo&#8230;me th\u00ebn\u00eb t\u00eb drejt\u00ebn Rama \u00ebsht\u00eb p\u00ebrpjekur t\u00eb jet\u00eb elastik dhe t\u00eb mos i shtr\u00ebngoj\u00eb shum\u00eb shqiptar\u00ebt, pavar\u00ebsisht se ka pasur mund\u00ebsi t\u00eb b\u00ebnte akoma dhe m\u00eb mir\u00eb. K\u00ebt\u00eb un\u00eb e kam denoncuar n\u00eb detyr\u00ebn time p\u00ebr t\u00eb komunikuar me opinionin publik\u201d, paralajm\u00ebron Cako.<\/p>\n","protected":false},"excerpt":{"rendered":"<p>Konspiracionisti Alfred Cako paralajm\u00ebron se nj\u00eb kriz\u00eb e r\u00ebnd\u00eb urie do t\u00eb prek vendin ton\u00eb sikurse shum\u00eb shtete t\u00eb bot\u00ebs. Nisur nga kjo ai iu b\u00ebn thirrje gjith\u00eb shqiptar\u00ebve q\u00eb t\u00eb grumbullojn\u00eb sa m\u00eb shum\u00eb ushqime n\u00eb banesat e tyre. \u201cKur un\u00eb iu thoja, njer\u00ebzit nuk besonin dhe thonin \u00e7far\u00eb po flet ky. Pse ndjell [&hellip;]<\/p>\n","protected":false},"author":2030,"featured_media":256846,"comment_status":"closed","ping_status":"closed","sticky":false,"template":"","format":"standard","meta":{"footnotes":""},"categories":[241,3366,5380,231,1454],"tags":[],"class_list":{"0":"post-256845","1":"post","2":"type-post","3":"status-publish","4":"format-standard","5":"has-post-thumbnail","7":"category-aktualitet","8":"category-koment","9":"category-kryesore","10":"category-lajme","11":"category-politike"},"_links":{"self":[{"href":"https:\/\/zjarr.tv\/sq\/wp-json\/wp\/v2\/posts\/256845","targetHints":{"allow":["GET"]}}],"collection":[{"href":"https:\/\/zjarr.tv\/sq\/wp-json\/wp\/v2\/posts"}],"about":[{"href":"https:\/\/zjarr.tv\/sq\/wp-json\/wp\/v2\/types\/post"}],"author":[{"embeddable":true,"href":"https:\/\/zjarr.tv\/sq\/wp-json\/wp\/v2\/users\/2030"}],"replies":[{"embeddable":true,"href":"https:\/\/zjarr.tv\/sq\/wp-json\/wp\/v2\/comments?post=256845"}],"version-history":[{"count":0,"href":"https:\/\/zjarr.tv\/sq\/wp-json\/wp\/v2\/posts\/256845\/revisions"}],"wp:featuredmedia":[{"embeddable":true,"href":"https:\/\/zjarr.tv\/sq\/wp-json\/wp\/v2\/media\/256846"}],"wp:attachment":[{"href":"https:\/\/zjarr.tv\/sq\/wp-json\/wp\/v2\/media?parent=256845"}],"wp:term":[{"taxonomy":"category","embeddable":true,"href":"https:\/\/zjarr.tv\/sq\/wp-json\/wp\/v2\/categories?post=256845"},{"taxonomy":"post_tag","embeddable":true,"href":"https:\/\/zjarr.tv\/sq\/wp-json\/wp\/v2\/tags?post=256845"}],"curies":[{"name":"wp","href":"https:\/\/api.w.org\/{rel}","templated":true}]}}