{"id":256861,"date":"2022-05-08T18:37:11","date_gmt":"2022-05-08T16:37:11","guid":{"rendered":"https:\/\/zjarr.tv\/?p=256861"},"modified":"2022-05-08T18:37:11","modified_gmt":"2022-05-08T16:37:11","slug":"kryemadhi-pas-takimit-me-gjimnazistet-e-tiranes-gjenerata-e-re-nuk-mund-te-mbetet-peng-ti-garantojme-nje-alternative-tjeter","status":"publish","type":"post","link":"https:\/\/zjarr.tv\/sq\/kryemadhi-pas-takimit-me-gjimnazistet-e-tiranes-gjenerata-e-re-nuk-mund-te-mbetet-peng-ti-garantojme-nje-alternative-tjeter\/","title":{"rendered":"Kryemadhi pas takimit me gjimnazist\u00ebt e Tiran\u00ebs: Gjenerata e re nuk mund t\u00eb mbetet peng, t\u2019i garantojm\u00eb nj\u00eb alternativ\u00eb tjet\u00ebr"},"content":{"rendered":"<p>Kryetarja e L\u00ebvizjes Socialiste p\u00ebr Integrim, Monika Kryemadhi, ka reaguar pas takimit t\u00eb mbajtur me disa t\u00eb rinj nga gjimnazet e kryeqytetit.<\/p>\n<p>P\u00ebrmes nj\u00eb postimi n\u00eb \u201cFacebook\u201d, Kryemadhi ngre shqet\u00ebsimin n\u00eb lidhje me cil\u00ebsin\u00eb e arsimit q\u00eb k\u00ebta nx\u00ebn\u00ebs marrin dhe p\u00ebr t\u00eb ardhmen e tyre n\u00eb Shqip\u00ebri.<\/p>\n<p>Sipas kryetares s\u00eb LSI duhet formuar nj\u00eb opozit\u00eb e v\u00ebrtet\u00eb e cila \u00ebsht\u00eb e dedikuar q\u00eb t\u2019i garantoj\u00eb t\u00eb rinjve shqiptar\u00eb zgjidhje konkrete.<\/p>\n<p>\u201cGjenerata e re nuk mund t\u00eb mbetet peng i qeverisjes s\u00eb interesave t\u00eb ngushta.\u00a0 D\u00ebgjova me v\u00ebmendje dit\u00ebn e djeshme z\u00ebrin e gjimnazist\u00ebve t\u00eb Tiran\u00ebs, n\u00eb lidhje me cil\u00ebsin\u00eb e arsimit q\u00eb ata marrin, procesin e matur\u00ebs shtet\u00ebrore, ndjenjat e tyre p\u00ebr Shqip\u00ebrin\u00eb dhe t\u00eb ardhmen e saj.<\/p>\n<p>Jemi t\u00eb dedikuar, q\u00eb n\u00eb vend t\u00eb qeverisjes shpopulluese, t\u2019i garantojm\u00eb rinis\u00eb shqiptare nj\u00eb alternativ\u00eb tjet\u00ebr, duke form\u00ebsuar nj\u00eb opozit\u00eb t\u00eb v\u00ebrtet\u00eb, me zgjidhje konkrete p\u00ebr sfidat aktuale dhe ato t\u00eb s\u00eb nes\u00ebrmes. Shpopullimi nuk do t\u00eb jet\u00eb kurr\u00eb, fati i vendit me bukurit\u00eb dhe rinin\u00eb m\u00eb t\u00eb mrekullueshme!\u201d, shkruan Kryemadhi.<\/p>\n","protected":false},"excerpt":{"rendered":"<p>Kryetarja e L\u00ebvizjes Socialiste p\u00ebr Integrim, Monika Kryemadhi, ka reaguar pas takimit t\u00eb mbajtur me disa t\u00eb rinj nga gjimnazet e kryeqytetit. P\u00ebrmes nj\u00eb postimi n\u00eb \u201cFacebook\u201d, Kryemadhi ngre shqet\u00ebsimin n\u00eb lidhje me cil\u00ebsin\u00eb e arsimit q\u00eb k\u00ebta nx\u00ebn\u00ebs marrin dhe p\u00ebr t\u00eb ardhmen e tyre n\u00eb Shqip\u00ebri. Sipas kryetares s\u00eb LSI duhet formuar nj\u00eb [&hellip;]<\/p>\n","protected":false},"author":2030,"featured_media":256862,"comment_status":"closed","ping_status":"closed","sticky":false,"template":"","format":"standard","meta":{"footnotes":""},"categories":[241,3366,5380,231,1454],"tags":[],"class_list":{"0":"post-256861","1":"post","2":"type-post","3":"status-publish","4":"format-standard","5":"has-post-thumbnail","7":"category-aktualitet","8":"category-koment","9":"category-kryesore","10":"category-lajme","11":"category-politike"},"_links":{"self":[{"href":"https:\/\/zjarr.tv\/sq\/wp-json\/wp\/v2\/posts\/256861","targetHints":{"allow":["GET"]}}],"collection":[{"href":"https:\/\/zjarr.tv\/sq\/wp-json\/wp\/v2\/posts"}],"about":[{"href":"https:\/\/zjarr.tv\/sq\/wp-json\/wp\/v2\/types\/post"}],"author":[{"embeddable":true,"href":"https:\/\/zjarr.tv\/sq\/wp-json\/wp\/v2\/users\/2030"}],"replies":[{"embeddable":true,"href":"https:\/\/zjarr.tv\/sq\/wp-json\/wp\/v2\/comments?post=256861"}],"version-history":[{"count":0,"href":"https:\/\/zjarr.tv\/sq\/wp-json\/wp\/v2\/posts\/256861\/revisions"}],"wp:featuredmedia":[{"embeddable":true,"href":"https:\/\/zjarr.tv\/sq\/wp-json\/wp\/v2\/media\/256862"}],"wp:attachment":[{"href":"https:\/\/zjarr.tv\/sq\/wp-json\/wp\/v2\/media?parent=256861"}],"wp:term":[{"taxonomy":"category","embeddable":true,"href":"https:\/\/zjarr.tv\/sq\/wp-json\/wp\/v2\/categories?post=256861"},{"taxonomy":"post_tag","embeddable":true,"href":"https:\/\/zjarr.tv\/sq\/wp-json\/wp\/v2\/tags?post=256861"}],"curies":[{"name":"wp","href":"https:\/\/api.w.org\/{rel}","templated":true}]}}