{"id":256865,"date":"2022-05-08T19:37:11","date_gmt":"2022-05-08T17:37:11","guid":{"rendered":"https:\/\/zjarr.tv\/?p=256865"},"modified":"2022-05-08T19:37:11","modified_gmt":"2022-05-08T17:37:11","slug":"mos-na-fyeni-inteligjencen-ju-lutem","status":"publish","type":"post","link":"https:\/\/zjarr.tv\/sq\/mos-na-fyeni-inteligjencen-ju-lutem\/","title":{"rendered":"Mos na fyeni inteligjenc\u00ebn, ju lutem"},"content":{"rendered":"<p>Nga Milaim Nela<\/p>\n<p>T\u00eb mendosh sot pas gjith\u00eb k\u00ebtyre ngjarjeve q\u00eb kan\u00eb ndodhur si\u00e7 mendon ndonj\u00ebri se amerikan\u00ebt shpall\u0113n Berish\u00ebn &#8216;non-grata&#8217; p\u00ebr t\u00eb shkuar te Rama e jo p\u00ebr t\u00eb shkat\u00ebrruar opozit\u00ebn e pakta fare me duket naivitet i pashoq!<\/p>\n<p>Por un\u00eb nuk mendoj se \u00ebsht\u00eb naivitet!<\/p>\n<p>&#8230;<\/p>\n<p>Thuhet se Rama \u00ebsht\u00eb goditur m\u00eb shum\u00eb me &#8216;non-gratat&#8217;- kjo \u00ebsht\u00eb absolutisht BULLSHIT!<\/p>\n<p>Doshi u shpall &#8220;non-grata&#8221; po produkti i tij nuk u c\u00ebnua aspak p\u00ebrkundrazi lul\u00ebzojn\u00eb deputet\u00ebt e tij n\u00eb parlament si\u00e7 lul\u00ebzojn\u00eb bizneset e Doshit p\u00ebr t\u0113 mos th\u00ebn\u00eb q\u00eb kjo ishte nj\u00eb kurth p\u00ebr opozit\u00ebn p\u00ebr goditjen e m\u00ebvonshme t\u00eb Berish\u00ebs!<\/p>\n<p>T\u00eb thuash q\u00eb \u00ebsht\u00eb shpallur Vangjush Dako &#8216;non-grata&#8217; kur edhe macet e din\u00eb n\u00eb Durr\u00ebs q\u00eb Gjushi \u00ebsht\u00eb kryetari &#8216;de facto&#8217; i Bashkis\u00eb dhe asnj\u00eb vendim apo tender nuk jepet pa vendimin e tij \u00ebsht\u00eb m\u00eb shum\u00eb se naivitet!<\/p>\n<p>T\u00eb thuash q\u00eb SPAK ka goditur Kok\u00ebn e Bllakon k\u00ebt\u00eb mund ta besojn\u00eb vet\u00ebm naiv\u00ebt sepse shqiptar\u00ebt q\u00eb i kan\u00eb dy gram mend e din\u00eb q\u00eb ata jan\u00eb koka turku q\u00eb nuk do t\u00eb ju hyj\u00eb asnj\u00eb gjemb n\u00eb k\u00ebmb\u00eb dhe se p\u00ebr aksioner\u00ebt e v\u00ebrtet\u00eb t\u00eb incererator\u00ebve \u00ebsht\u00eb &#8216;biznes as usual&#8217;!<\/p>\n<p>T\u00eb thuash q\u00eb \u00ebsht\u00eb shpallur &#8216;non-grata&#8217; Aqif Rakipi kur produkti i aktivitetit kriminal t\u00eb Rakipit n\u00eb Kuvend ngelet i pac\u00ebnueshem &#8211; \u00ebsht\u00eb t\u00eb v\u00ebsh duart n\u00eb kok\u00eb!<\/p>\n<p>T\u00eb shpresosh q\u00eb SPAK do b\u00ebj\u00eb drejt\u00ebsi kur vepra m\u00eb kriminale si\u00e7 \u00ebsht\u00eb shembja talebaneske e Teatrit Komb\u00ebtar ngelet n\u00eb sirtaret e drejtesis\u00eb s\u00eb sponsorizuar amerikane dhe ata q\u0113 shkel\u00ebn ligjet e shtetit shqiptar jan\u00eb jo vet\u00ebm t\u00eb lir\u00eb por po vazhdojn\u00eb t\u0113 kapin \u00e7far\u00eb ju ka ngelur pa kapur!<\/p>\n<p>E n\u00eb fund nuk na ngelet gj\u00eb tjet\u00ebr ve\u00e7se t\u00eb besojm\u00eb se faktori SOROS \u00ebsht\u00eb vet\u00ebm nj\u00eb legjend\u00eb urbane e ambasadorja amerikane na ka xhan kur na servir bar se n\u00eb drit\u00ebn e evidenc\u00ebs t\u00eb fundit shkencore mishi \u00ebsht\u00eb i d\u00ebmsh\u00ebm p\u00ebr sh\u00ebndetin.<\/p>\n<p>Lufta ndaj Berish\u00ebs \u00ebsht\u00eb luft\u00eb kund\u00ebr korrupsionit &#8230; mama mia\ud83e\udd23\ud83e\udd23<\/p>\n<p>Jo deri k\u00ebtu JU LUTEM!<\/p>\n<p>Nuk jemi aq t\u00eb trash\u00eb!<\/p>\n","protected":false},"excerpt":{"rendered":"<p>Nga Milaim Nela T\u00eb mendosh sot pas gjith\u00eb k\u00ebtyre ngjarjeve q\u00eb kan\u00eb ndodhur si\u00e7 mendon ndonj\u00ebri se amerikan\u00ebt shpall\u0113n Berish\u00ebn &#8216;non-grata&#8217; p\u00ebr t\u00eb shkuar te Rama e jo p\u00ebr t\u00eb shkat\u00ebrruar opozit\u00ebn e pakta fare me duket naivitet i pashoq! Por un\u00eb nuk mendoj se \u00ebsht\u00eb naivitet! &#8230; Thuhet se Rama \u00ebsht\u00eb goditur m\u00eb shum\u00eb [&hellip;]<\/p>\n","protected":false},"author":2030,"featured_media":256866,"comment_status":"closed","ping_status":"closed","sticky":false,"template":"","format":"standard","meta":{"footnotes":""},"categories":[241,3366,5380,231],"tags":[],"class_list":{"0":"post-256865","1":"post","2":"type-post","3":"status-publish","4":"format-standard","5":"has-post-thumbnail","7":"category-aktualitet","8":"category-koment","9":"category-kryesore","10":"category-lajme"},"_links":{"self":[{"href":"https:\/\/zjarr.tv\/sq\/wp-json\/wp\/v2\/posts\/256865","targetHints":{"allow":["GET"]}}],"collection":[{"href":"https:\/\/zjarr.tv\/sq\/wp-json\/wp\/v2\/posts"}],"about":[{"href":"https:\/\/zjarr.tv\/sq\/wp-json\/wp\/v2\/types\/post"}],"author":[{"embeddable":true,"href":"https:\/\/zjarr.tv\/sq\/wp-json\/wp\/v2\/users\/2030"}],"replies":[{"embeddable":true,"href":"https:\/\/zjarr.tv\/sq\/wp-json\/wp\/v2\/comments?post=256865"}],"version-history":[{"count":0,"href":"https:\/\/zjarr.tv\/sq\/wp-json\/wp\/v2\/posts\/256865\/revisions"}],"wp:featuredmedia":[{"embeddable":true,"href":"https:\/\/zjarr.tv\/sq\/wp-json\/wp\/v2\/media\/256866"}],"wp:attachment":[{"href":"https:\/\/zjarr.tv\/sq\/wp-json\/wp\/v2\/media?parent=256865"}],"wp:term":[{"taxonomy":"category","embeddable":true,"href":"https:\/\/zjarr.tv\/sq\/wp-json\/wp\/v2\/categories?post=256865"},{"taxonomy":"post_tag","embeddable":true,"href":"https:\/\/zjarr.tv\/sq\/wp-json\/wp\/v2\/tags?post=256865"}],"curies":[{"name":"wp","href":"https:\/\/api.w.org\/{rel}","templated":true}]}}