{"id":256869,"date":"2022-05-08T19:42:08","date_gmt":"2022-05-08T17:42:08","guid":{"rendered":"https:\/\/zjarr.tv\/?p=256869"},"modified":"2022-05-08T19:42:08","modified_gmt":"2022-05-08T17:42:08","slug":"erion-brace-i-tmerruar-nga-aksidenti-te-fortet-sillen-si-zot-ne-rruget-e-tiranes-paraja-i-nxjerr-mbi-ligjin","status":"publish","type":"post","link":"https:\/\/zjarr.tv\/sq\/erion-brace-i-tmerruar-nga-aksidenti-te-fortet-sillen-si-zot-ne-rruget-e-tiranes-paraja-i-nxjerr-mbi-ligjin\/","title":{"rendered":"Erion Bra\u00e7e \u201ci tmerruar\u201d nga aksidenti: T\u00eb fort\u00ebt sillen si Zot n\u00eb rrug\u00ebt e Tiran\u00ebs, paraja i nxjerr mbi ligjin"},"content":{"rendered":"<p>Deputeti socialist Erion Bra\u00e7e shkruan p\u00ebr aksidentin e ndodhur mesdit\u00ebn e sotme n\u00eb Tiran\u00eb, ku nj\u00eb 39 vje\u00e7ar q\u00eb drejtonte nj\u00eb Mercedes luksoz p\u00ebrplasi nj\u00eb \u00e7ift dhe foshnj\u00ebn e tyre 3 muajsh. Ata po kalonin n\u00eb vijat e bardha.<\/p>\n<p>Bra\u00e7e thot\u00eb se ka koh\u00eb q\u00eb n\u00eb rrug\u00ebt e kryeqytetit sillen si \u201cZot\u201d t\u00eb fort\u00ebt me makina t\u00eb shtrenjta. Paraja e madhe u jep status mbi \u00e7dok\u00ebnd tjet\u00ebr, madje dhe mbi ligjin, vijon ai.<\/p>\n<p>\u201cTMERR! Sepse u be kohe qe, ne RRUGET E TIRANES sillen si zot TE FORTET, keta me keto makina, te shtrenjta e qe paraja e madhe ju jep nje status mbi cdokend tjeter, ne kufijte e TE DREJTES PER TE SHTYPUR; mbi ligjin po e po;<\/p>\n<p>Ecin si te duan, ndalojne ku te duan, parkojne dysh e tresh ku te duan, posacerisht para lokaleve ku ulen e ku doemos duhet te kene si pamje ata por edhe gjindja, MAKINEN STATUS; pa pyetur per kerkend, edhe 200 meter larg ne cdo drejtim nga godina e Qeverise\u201d, shkruan Erion Bra\u00e7e.<\/p>\n","protected":false},"excerpt":{"rendered":"<p>Deputeti socialist Erion Bra\u00e7e shkruan p\u00ebr aksidentin e ndodhur mesdit\u00ebn e sotme n\u00eb Tiran\u00eb, ku nj\u00eb 39 vje\u00e7ar q\u00eb drejtonte nj\u00eb Mercedes luksoz p\u00ebrplasi nj\u00eb \u00e7ift dhe foshnj\u00ebn e tyre 3 muajsh. Ata po kalonin n\u00eb vijat e bardha. Bra\u00e7e thot\u00eb se ka koh\u00eb q\u00eb n\u00eb rrug\u00ebt e kryeqytetit sillen si \u201cZot\u201d t\u00eb fort\u00ebt me [&hellip;]<\/p>\n","protected":false},"author":2030,"featured_media":256870,"comment_status":"closed","ping_status":"closed","sticky":false,"template":"","format":"standard","meta":{"footnotes":""},"categories":[241,3366,5380,231],"tags":[],"class_list":{"0":"post-256869","1":"post","2":"type-post","3":"status-publish","4":"format-standard","5":"has-post-thumbnail","7":"category-aktualitet","8":"category-koment","9":"category-kryesore","10":"category-lajme"},"_links":{"self":[{"href":"https:\/\/zjarr.tv\/sq\/wp-json\/wp\/v2\/posts\/256869","targetHints":{"allow":["GET"]}}],"collection":[{"href":"https:\/\/zjarr.tv\/sq\/wp-json\/wp\/v2\/posts"}],"about":[{"href":"https:\/\/zjarr.tv\/sq\/wp-json\/wp\/v2\/types\/post"}],"author":[{"embeddable":true,"href":"https:\/\/zjarr.tv\/sq\/wp-json\/wp\/v2\/users\/2030"}],"replies":[{"embeddable":true,"href":"https:\/\/zjarr.tv\/sq\/wp-json\/wp\/v2\/comments?post=256869"}],"version-history":[{"count":0,"href":"https:\/\/zjarr.tv\/sq\/wp-json\/wp\/v2\/posts\/256869\/revisions"}],"wp:featuredmedia":[{"embeddable":true,"href":"https:\/\/zjarr.tv\/sq\/wp-json\/wp\/v2\/media\/256870"}],"wp:attachment":[{"href":"https:\/\/zjarr.tv\/sq\/wp-json\/wp\/v2\/media?parent=256869"}],"wp:term":[{"taxonomy":"category","embeddable":true,"href":"https:\/\/zjarr.tv\/sq\/wp-json\/wp\/v2\/categories?post=256869"},{"taxonomy":"post_tag","embeddable":true,"href":"https:\/\/zjarr.tv\/sq\/wp-json\/wp\/v2\/tags?post=256869"}],"curies":[{"name":"wp","href":"https:\/\/api.w.org\/{rel}","templated":true}]}}