{"id":256883,"date":"2022-05-09T07:49:46","date_gmt":"2022-05-09T05:49:46","guid":{"rendered":"https:\/\/zjarr.tv\/?p=256883"},"modified":"2022-05-09T07:49:46","modified_gmt":"2022-05-09T05:49:46","slug":"perballe-sali-berishes-ne-zgjedhjet-per-kryetar-reagon-ibsen-elezi-eshte-e-veshtire","status":"publish","type":"post","link":"https:\/\/zjarr.tv\/sq\/perballe-sali-berishes-ne-zgjedhjet-per-kryetar-reagon-ibsen-elezi-eshte-e-veshtire\/","title":{"rendered":"P\u00ebrball\u00eb Sali Berish\u00ebs n\u00eb zgjedhjet p\u00ebr kryetar, reagon Ibsen Elezi: \u00cbsht\u00eb e v\u00ebshtir\u00eb!"},"content":{"rendered":"<p>Ibsen Elezi ka reaguar pasi shpalli kandidatur\u00ebn e tij p\u00ebr kryetar t\u00eb Partis\u00eb Demokratike n\u00eb zgjedhjet q\u00eb pritet t\u00eb mbahen m\u00eb 22 Maj.<\/p>\n<p>N\u00eb nj\u00eb intervist\u00eb p\u00ebr Report Tv, Elezi u shpreh se p\u00ebrballja me ish-kryeministrin Sali Berisha \u00ebsht\u00eb e v\u00ebshtir\u00eb, mir\u00ebpo ai nuk futet n\u00eb gar\u00eb p\u00ebr t\u00eb fituar, por q\u00eb t\u00eb t\u00eb sjell\u00eb nj\u00eb frym\u00eb t\u00eb re n\u00eb Partin\u00eb Demokratike.<\/p>\n<p> \u201cDo ishte m\u00eb mir\u00eb t\u00eb mos isha n\u00eb gar\u00eb dhe mos t\u00eb b\u00ebja minimumin e rezistenc\u00ebs?! Jo. Un\u00eb jam p\u00ebr t\u00eb reaguar. P\u00ebrballja me Berish\u00ebn \u00ebsht\u00eb shum\u00eb e v\u00ebshtir\u00eb. Por nuk b\u00ebhet vet\u00ebm p\u00ebr faktin p\u00ebr t\u00eb fituar, por t\u00eb paraqes\u00ebsh pik\u00ebpamjet e tua dhe t\u00eb paraqes\u00ebsh nj\u00eb frym\u00eb n\u00eb PD. Jam p\u00ebr ato q\u00eb k\u00ebrkojn\u00eb nj\u00eb alternativ\u00eb jasht\u00eb Bash\u00ebs dhe Berish\u00ebs.<\/p>\n<p>Un\u00eb nuk bindem, un\u00eb reagoj si rregull. Kam reaguar shkova brenda PD-s\u00eb dhe thash Basha boll. \u00cbsht\u00eb vrar\u00eb aksioni politik dhe demokracia e brendshme. Do b\u00ebj t\u00eb gjitha p\u00ebrpjekjet q\u00eb ky proces t\u00eb mos manipulohet. Nes\u00ebr do t\u00eb k\u00ebrkoj largimin e Albana Vokshit se nuk mund t\u00eb jet\u00eb nj\u00eb manipulatore n\u00eb krye t\u00eb procesit. Do k\u00ebrkoj t\u00eb ket\u00eb transparenc\u00eb dhe t\u00eb respektohet e drejta p\u00ebr t\u00eb pasur transparenc\u00ebs\u201d, tha Elezi.<\/p>\n","protected":false},"excerpt":{"rendered":"<p>Ibsen Elezi ka reaguar pasi shpalli kandidatur\u00ebn e tij p\u00ebr kryetar t\u00eb Partis\u00eb Demokratike n\u00eb zgjedhjet q\u00eb pritet t\u00eb mbahen m\u00eb 22 Maj. N\u00eb nj\u00eb intervist\u00eb p\u00ebr Report Tv, Elezi u shpreh se p\u00ebrballja me ish-kryeministrin Sali Berisha \u00ebsht\u00eb e v\u00ebshtir\u00eb, mir\u00ebpo ai nuk futet n\u00eb gar\u00eb p\u00ebr t\u00eb fituar, por q\u00eb t\u00eb t\u00eb sjell\u00eb [&hellip;]<\/p>\n","protected":false},"author":2031,"featured_media":256884,"comment_status":"closed","ping_status":"closed","sticky":false,"template":"","format":"standard","meta":{"footnotes":""},"categories":[241,231,235],"tags":[],"class_list":{"0":"post-256883","1":"post","2":"type-post","3":"status-publish","4":"format-standard","5":"has-post-thumbnail","7":"category-aktualitet","8":"category-lajme","9":"category-vendi"},"_links":{"self":[{"href":"https:\/\/zjarr.tv\/sq\/wp-json\/wp\/v2\/posts\/256883","targetHints":{"allow":["GET"]}}],"collection":[{"href":"https:\/\/zjarr.tv\/sq\/wp-json\/wp\/v2\/posts"}],"about":[{"href":"https:\/\/zjarr.tv\/sq\/wp-json\/wp\/v2\/types\/post"}],"author":[{"embeddable":true,"href":"https:\/\/zjarr.tv\/sq\/wp-json\/wp\/v2\/users\/2031"}],"replies":[{"embeddable":true,"href":"https:\/\/zjarr.tv\/sq\/wp-json\/wp\/v2\/comments?post=256883"}],"version-history":[{"count":0,"href":"https:\/\/zjarr.tv\/sq\/wp-json\/wp\/v2\/posts\/256883\/revisions"}],"wp:featuredmedia":[{"embeddable":true,"href":"https:\/\/zjarr.tv\/sq\/wp-json\/wp\/v2\/media\/256884"}],"wp:attachment":[{"href":"https:\/\/zjarr.tv\/sq\/wp-json\/wp\/v2\/media?parent=256883"}],"wp:term":[{"taxonomy":"category","embeddable":true,"href":"https:\/\/zjarr.tv\/sq\/wp-json\/wp\/v2\/categories?post=256883"},{"taxonomy":"post_tag","embeddable":true,"href":"https:\/\/zjarr.tv\/sq\/wp-json\/wp\/v2\/tags?post=256883"}],"curies":[{"name":"wp","href":"https:\/\/api.w.org\/{rel}","templated":true}]}}