{"id":256888,"date":"2022-05-09T07:51:53","date_gmt":"2022-05-09T05:51:53","guid":{"rendered":"https:\/\/zjarr.tv\/?p=256888"},"modified":"2022-05-09T07:51:53","modified_gmt":"2022-05-09T05:51:53","slug":"aksidenti-ne-tirane-ngre-ne-kembe-policine-efektivet-bejne-kerdinen-ne-fier-mbi-400-gjoba","status":"publish","type":"post","link":"https:\/\/zjarr.tv\/sq\/aksidenti-ne-tirane-ngre-ne-kembe-policine-efektivet-bejne-kerdinen-ne-fier-mbi-400-gjoba\/","title":{"rendered":"Aksidenti n\u00eb Tiran\u00eb \u201cngre n\u00eb k\u00ebmb\u00eb\u201d policin\u00eb, efektiv\u00ebt b\u00ebjn\u00eb \u201ck\u00ebrdin\u00ebn\u201d n\u00eb Fier, mbi 400 gjoba"},"content":{"rendered":"<p>Mbi 400 masa jan\u00eb nd\u00ebrmarr\u00eb nga Drejtoria e Policis\u00eb Vendore Fier p\u00ebr shkelje t\u00eb ndryshme rrugore gjat\u00eb or\u00ebve t\u00eb fundit.<\/p>\n<p>Sipas informacioneve m\u00ebsohet se efektiv\u00ebt e policis\u00eb rrugore kan\u00eb \u201czbarkuar\u201d n\u00eb rrug\u00eb pas aksidentit t\u00eb r\u00ebnd\u00eb q\u00eb ndodhi paraditene sotme tek \u201cRruga e Kavaj\u00ebs\u201d n\u00eb kryqytet dhe kan\u00eb gjobitur qindra drejtues.<\/p>\n<p>Ata jan\u00eb gjobitur p\u00ebr shkak t\u00eb shpejt\u00ebsis\u00eb jasht\u00eb normave, p\u00ebrdorim t\u00eb aparatit celuar, mos vendosjen e rripit dhe p\u00ebr parakalim t\u00eb gabuar.<\/p>\n<p>M\u00eb her\u00ebt Drejtori i Policis\u00eb Gledis Nano, ka k\u00ebrkuar reflektim t\u00eb menj\u00ebhersh\u00ebm t\u00eb strukturave t\u00eb Policis\u00eb Rrugore n\u00eb t\u00eb gjith\u00eb vendin, nisur nga aksidentet e ndodhura dit\u00ebt e fundit, n\u00eb disa qarqe t\u00eb vendit, me pasoja p\u00ebr jet\u00ebn, si dhe nga aksidenti i mesdit\u00ebs s\u00eb sotme n\u00eb Tiran\u00eb.<\/p>\n<p>Edhe strukturave t\u00eb Rendit e Shqiponjave, u \u00ebsht\u00eb k\u00ebrkuar reflektim me q\u00ebllim koordinimin e veprimeve p\u00ebr evidentimin dhe nd\u00ebshkimin e t\u00eb gjith\u00eb drejtuesve t\u00eb automjeteve, q\u00eb nuk respektojn\u00eb rregullat e qarkullimit rrugor.<\/p>\n<p>Konkretisht: n\u00eb dh\u00ebnien p\u00ebrpar\u00ebsi t\u00eb k\u00ebmb\u00ebsor\u00ebve n\u00eb vijat e bardha dhe aty ku ato mungojn\u00eb, q\u00eb nuk respektojn\u00eb tabelat e shpejt\u00ebsis\u00eb, ata q\u00eb nuk vendosin rripin e sigurimit, p\u00ebr ata q\u00eb p\u00ebrdorin celularin gjat\u00eb drejtimit t\u00eb automjetit.<\/p>\n<p>P\u00ebr ata q\u00eb drejtojn\u00eb mjetet n\u00ebn efektin e alkoolit apo n\u00eb gjendje t\u00eb dehur, t\u00eb atyre q\u00eb p\u00ebrdorin mjetet me xhama t\u00eb riveshur pa u certifikuar, ata q\u00eb kryejn\u00eb gara shpejt\u00ebsie e manovra t\u00eb rrezikshme n\u00eb rrug\u00eb, dhe ata drejtues motomjetesh q\u00eb nuk p\u00ebrdorin kask\u00ebn mbrojt\u00ebse.<\/p>\n","protected":false},"excerpt":{"rendered":"<p>Mbi 400 masa jan\u00eb nd\u00ebrmarr\u00eb nga Drejtoria e Policis\u00eb Vendore Fier p\u00ebr shkelje t\u00eb ndryshme rrugore gjat\u00eb or\u00ebve t\u00eb fundit. Sipas informacioneve m\u00ebsohet se efektiv\u00ebt e policis\u00eb rrugore kan\u00eb \u201czbarkuar\u201d n\u00eb rrug\u00eb pas aksidentit t\u00eb r\u00ebnd\u00eb q\u00eb ndodhi paraditene sotme tek \u201cRruga e Kavaj\u00ebs\u201d n\u00eb kryqytet dhe kan\u00eb gjobitur qindra drejtues. Ata jan\u00eb gjobitur p\u00ebr [&hellip;]<\/p>\n","protected":false},"author":2031,"featured_media":256889,"comment_status":"closed","ping_status":"closed","sticky":false,"template":"","format":"standard","meta":{"footnotes":""},"categories":[241,231,235],"tags":[],"class_list":{"0":"post-256888","1":"post","2":"type-post","3":"status-publish","4":"format-standard","5":"has-post-thumbnail","7":"category-aktualitet","8":"category-lajme","9":"category-vendi"},"_links":{"self":[{"href":"https:\/\/zjarr.tv\/sq\/wp-json\/wp\/v2\/posts\/256888","targetHints":{"allow":["GET"]}}],"collection":[{"href":"https:\/\/zjarr.tv\/sq\/wp-json\/wp\/v2\/posts"}],"about":[{"href":"https:\/\/zjarr.tv\/sq\/wp-json\/wp\/v2\/types\/post"}],"author":[{"embeddable":true,"href":"https:\/\/zjarr.tv\/sq\/wp-json\/wp\/v2\/users\/2031"}],"replies":[{"embeddable":true,"href":"https:\/\/zjarr.tv\/sq\/wp-json\/wp\/v2\/comments?post=256888"}],"version-history":[{"count":0,"href":"https:\/\/zjarr.tv\/sq\/wp-json\/wp\/v2\/posts\/256888\/revisions"}],"wp:featuredmedia":[{"embeddable":true,"href":"https:\/\/zjarr.tv\/sq\/wp-json\/wp\/v2\/media\/256889"}],"wp:attachment":[{"href":"https:\/\/zjarr.tv\/sq\/wp-json\/wp\/v2\/media?parent=256888"}],"wp:term":[{"taxonomy":"category","embeddable":true,"href":"https:\/\/zjarr.tv\/sq\/wp-json\/wp\/v2\/categories?post=256888"},{"taxonomy":"post_tag","embeddable":true,"href":"https:\/\/zjarr.tv\/sq\/wp-json\/wp\/v2\/tags?post=256888"}],"curies":[{"name":"wp","href":"https:\/\/api.w.org\/{rel}","templated":true}]}}