{"id":256893,"date":"2022-05-09T07:54:32","date_gmt":"2022-05-09T05:54:32","guid":{"rendered":"https:\/\/zjarr.tv\/?p=256893"},"modified":"2022-05-09T07:54:32","modified_gmt":"2022-05-09T05:54:32","slug":"voa-shqiperi-fermeret-perdorin-mbetjet-e-kafese-ne-vend-te-plehrave-kimike","status":"publish","type":"post","link":"https:\/\/zjarr.tv\/sq\/voa-shqiperi-fermeret-perdorin-mbetjet-e-kafese-ne-vend-te-plehrave-kimike\/","title":{"rendered":"VOA: Shqip\u00ebri, fermer\u00ebt p\u00ebrdorin mbetjet e kafes\u00eb n\u00eb vend t\u00eb plehrave kimik\u00eb"},"content":{"rendered":"<p>N\u00eb Shqip\u00ebri, \u00e7mimet e plehrave kimik\u00eb q\u00eb p\u00ebrdoren n\u00eb buq\u00ebsi jan\u00eb rritur pothuajse me 50 p\u00ebr qind. Fermer\u00ebt thon\u00eb se kjo \u00ebsht\u00eb e pap\u00ebrballueshme p\u00ebr ta, nd\u00ebrsa t\u00eb tjer\u00eb kan\u00eb gjetur m\u00ebnyr\u00eb alternativa p\u00ebr t\u00eb z\u00ebvend\u00ebsuar plehrat kimik\u00eb duke p\u00ebrdorur mbetjet e kafes\u00eb.<\/p>\n<p>Fermer\u00ebt n\u00eb Shqip\u00ebri kan\u00eb nisur t\u00eb p\u00ebrdorin mbetjet e kafes\u00eb si plehra kimik\u00eb. \u00c7mimet e larta t\u00eb plehrave q\u00eb p\u00ebrdoren n\u00eb buq\u00ebsi, i kan\u00eb detyruar fermer\u00ebt t\u00eb gjejn\u00eb burime alternative.<\/p>\n<p>Alban Cakalli ka nj\u00eb tok\u00eb n\u00eb veriper\u00ebndim t\u00eb Shqip\u00ebris\u00eb ku kultivon perime. Ai po eksperimenton edhe me bim\u00eb ekzotike si frutat e pasionit, nd\u00ebrsa tregon se shkon n\u00eb lokalet e zon\u00ebs p\u00ebr t\u00eb mbledhur mbetjet e kafes\u00eb.<\/p>\n<p>\u201cIdeja erdhi p\u00ebr shkak t\u00eb rritjes s\u00eb \u00e7mimit t\u00eb plehrave dhe pesticideve t\u00eb tjera t\u00eb p\u00ebrdorura n\u00eb bujq\u00ebsi\u201d, thot\u00eb ai.<\/p>\n<p>Albani tregon se \u00e7mimet e plehrave q\u00eb b\u00ebrdoren n\u00eb bujq\u00ebsi jan\u00eb rritur me 50 p\u00ebrqind koh\u00ebt e fundit. Pasi lexoi disa studime se mund t\u00eb p\u00ebrdorte edhe mbetjet e kafes\u00eb si alternativ\u00eb, ai vendosi ta provoj\u00eb. Tani Albani \u00ebsht\u00eb i lumtur q\u00eb po p\u00ebrdor nj\u00eb n\u00ebnprodukt q\u00eb do t\u00eb hidhej.<\/p>\n<p>\u201c\u00cbsht\u00eb mir\u00eb t\u00eb riciklosh gjith\u00e7ka n\u00eb bujq\u00ebsi. Toka d\u00ebshiron t\u00eb ushqehet her\u00eb pas here dhe m\u00ebnyra m\u00eb e mir\u00eb \u00ebsht\u00eb q\u00eb t\u00eb gjitha frutat, t\u00eb gjitha mbeturinat n\u00eb bujq\u00ebsi, t\u00eb kthehen n\u00eb tok\u00eb sepse koh\u00ebt e fundit kemi vuajtur nga erozioni\u201d, thot\u00eb zoti Cakalli.<\/p>\n<p>\u00c7do dit\u00eb ai shkon n\u00eb kafenet\u00eb e zon\u00ebs ku banon p\u00ebr t\u00eb marr\u00eb mbetjet e kafes\u00eb.<\/p>\n<p>I p\u00ebrzien mbetjet e kafes\u00eb me barin e korrur dhe pret tre muaj p\u00ebrpra se ta p\u00ebrdor\u00eb tek frutat e pasionit. Por kjo zgjidhje q\u00eb ai ka gjetur ka shkaktuar nj\u00eb konkurrenc\u00eb t\u00eb fort\u00eb, pasi edhe banor\u00eb t\u00eb tjer\u00eb kan\u00eb filluar t\u00eb mbledhin mbetjet e kafes\u00eb.<\/p>\n<p>Fermer\u00eb si Albani gjithashtu i b\u00ebjn\u00eb thirrje qeveris\u00eb p\u00ebr mb\u00ebshtetje, pasi sipas tyre ata kontribuojn\u00eb 20 p\u00ebr qind n\u00eb Prodhimin e Brendsh\u00ebm Bruto t\u00eb Shqip\u00ebris\u00eb.<\/p>\n","protected":false},"excerpt":{"rendered":"<p>N\u00eb Shqip\u00ebri, \u00e7mimet e plehrave kimik\u00eb q\u00eb p\u00ebrdoren n\u00eb buq\u00ebsi jan\u00eb rritur pothuajse me 50 p\u00ebr qind. Fermer\u00ebt thon\u00eb se kjo \u00ebsht\u00eb e pap\u00ebrballueshme p\u00ebr ta, nd\u00ebrsa t\u00eb tjer\u00eb kan\u00eb gjetur m\u00ebnyr\u00eb alternativa p\u00ebr t\u00eb z\u00ebvend\u00ebsuar plehrat kimik\u00eb duke p\u00ebrdorur mbetjet e kafes\u00eb. Fermer\u00ebt n\u00eb Shqip\u00ebri kan\u00eb nisur t\u00eb p\u00ebrdorin mbetjet e kafes\u00eb si plehra [&hellip;]<\/p>\n","protected":false},"author":2031,"featured_media":256894,"comment_status":"closed","ping_status":"closed","sticky":false,"template":"","format":"standard","meta":{"footnotes":""},"categories":[241,231,235],"tags":[],"class_list":{"0":"post-256893","1":"post","2":"type-post","3":"status-publish","4":"format-standard","5":"has-post-thumbnail","7":"category-aktualitet","8":"category-lajme","9":"category-vendi"},"_links":{"self":[{"href":"https:\/\/zjarr.tv\/sq\/wp-json\/wp\/v2\/posts\/256893","targetHints":{"allow":["GET"]}}],"collection":[{"href":"https:\/\/zjarr.tv\/sq\/wp-json\/wp\/v2\/posts"}],"about":[{"href":"https:\/\/zjarr.tv\/sq\/wp-json\/wp\/v2\/types\/post"}],"author":[{"embeddable":true,"href":"https:\/\/zjarr.tv\/sq\/wp-json\/wp\/v2\/users\/2031"}],"replies":[{"embeddable":true,"href":"https:\/\/zjarr.tv\/sq\/wp-json\/wp\/v2\/comments?post=256893"}],"version-history":[{"count":0,"href":"https:\/\/zjarr.tv\/sq\/wp-json\/wp\/v2\/posts\/256893\/revisions"}],"wp:featuredmedia":[{"embeddable":true,"href":"https:\/\/zjarr.tv\/sq\/wp-json\/wp\/v2\/media\/256894"}],"wp:attachment":[{"href":"https:\/\/zjarr.tv\/sq\/wp-json\/wp\/v2\/media?parent=256893"}],"wp:term":[{"taxonomy":"category","embeddable":true,"href":"https:\/\/zjarr.tv\/sq\/wp-json\/wp\/v2\/categories?post=256893"},{"taxonomy":"post_tag","embeddable":true,"href":"https:\/\/zjarr.tv\/sq\/wp-json\/wp\/v2\/tags?post=256893"}],"curies":[{"name":"wp","href":"https:\/\/api.w.org\/{rel}","templated":true}]}}