{"id":256897,"date":"2022-05-09T07:55:53","date_gmt":"2022-05-09T05:55:53","guid":{"rendered":"https:\/\/zjarr.tv\/?p=256897"},"modified":"2022-05-09T07:55:53","modified_gmt":"2022-05-09T05:55:53","slug":"mot-me-diell-dhe-vranesira-kalimtare-ja-si-parashikohet-te-jene-temperaturat-per-diten-e-sotme","status":"publish","type":"post","link":"https:\/\/zjarr.tv\/sq\/mot-me-diell-dhe-vranesira-kalimtare-ja-si-parashikohet-te-jene-temperaturat-per-diten-e-sotme\/","title":{"rendered":"Mot me diell dhe vran\u00ebsira kalimtare, ja si parashikohet t\u00eb jen\u00eb temperaturat p\u00ebr dit\u00ebn e sotme"},"content":{"rendered":"<p>Dita e h\u00ebn\u00eb pritet t\u00eb karakterizohet nga nj\u00eb mot kryesisht me diell si dhe pranin\u00eb e vran\u00ebsirave kryesisht nga or\u00ebt e mesdit\u00ebs deri ato t\u00eb pasdites.<\/p>\n<p>Reshjet e shiut do t\u00eb jen\u00eb t\u00eb dob\u00ebta dhe lokale kryesisht p\u00ebrgjat\u00eb relieveve t\u00eb larta malore.<\/p>\n<p>Temperatura maksimale pritet t\u00eb regjistrohet n\u00eb Elbasan me 28 grad\u00eb celcius, nd\u00ebrsa minimalja n\u00eb Bajram Curri 7 grad\u00eb celcius.<\/p>\n","protected":false},"excerpt":{"rendered":"<p>Dita e h\u00ebn\u00eb pritet t\u00eb karakterizohet nga nj\u00eb mot kryesisht me diell si dhe pranin\u00eb e vran\u00ebsirave kryesisht nga or\u00ebt e mesdit\u00ebs deri ato t\u00eb pasdites. Reshjet e shiut do t\u00eb jen\u00eb t\u00eb dob\u00ebta dhe lokale kryesisht p\u00ebrgjat\u00eb relieveve t\u00eb larta malore. Temperatura maksimale pritet t\u00eb regjistrohet n\u00eb Elbasan me 28 grad\u00eb celcius, nd\u00ebrsa minimalja [&hellip;]<\/p>\n","protected":false},"author":2031,"featured_media":251520,"comment_status":"closed","ping_status":"closed","sticky":false,"template":"","format":"standard","meta":{"footnotes":""},"categories":[241,231,235],"tags":[],"class_list":{"0":"post-256897","1":"post","2":"type-post","3":"status-publish","4":"format-standard","5":"has-post-thumbnail","7":"category-aktualitet","8":"category-lajme","9":"category-vendi"},"_links":{"self":[{"href":"https:\/\/zjarr.tv\/sq\/wp-json\/wp\/v2\/posts\/256897","targetHints":{"allow":["GET"]}}],"collection":[{"href":"https:\/\/zjarr.tv\/sq\/wp-json\/wp\/v2\/posts"}],"about":[{"href":"https:\/\/zjarr.tv\/sq\/wp-json\/wp\/v2\/types\/post"}],"author":[{"embeddable":true,"href":"https:\/\/zjarr.tv\/sq\/wp-json\/wp\/v2\/users\/2031"}],"replies":[{"embeddable":true,"href":"https:\/\/zjarr.tv\/sq\/wp-json\/wp\/v2\/comments?post=256897"}],"version-history":[{"count":0,"href":"https:\/\/zjarr.tv\/sq\/wp-json\/wp\/v2\/posts\/256897\/revisions"}],"wp:featuredmedia":[{"embeddable":true,"href":"https:\/\/zjarr.tv\/sq\/wp-json\/wp\/v2\/media\/251520"}],"wp:attachment":[{"href":"https:\/\/zjarr.tv\/sq\/wp-json\/wp\/v2\/media?parent=256897"}],"wp:term":[{"taxonomy":"category","embeddable":true,"href":"https:\/\/zjarr.tv\/sq\/wp-json\/wp\/v2\/categories?post=256897"},{"taxonomy":"post_tag","embeddable":true,"href":"https:\/\/zjarr.tv\/sq\/wp-json\/wp\/v2\/tags?post=256897"}],"curies":[{"name":"wp","href":"https:\/\/api.w.org\/{rel}","templated":true}]}}