{"id":256919,"date":"2022-05-09T11:20:52","date_gmt":"2022-05-09T09:20:52","guid":{"rendered":"https:\/\/zjarr.tv\/?p=256919"},"modified":"2022-05-09T11:20:52","modified_gmt":"2022-05-09T09:20:52","slug":"deshton-mbledhja-e-kryesise-se-grupit-te-pd-salianji-ne-funksionojme-me-rregulloren-tone-jo-te-rames","status":"publish","type":"post","link":"https:\/\/zjarr.tv\/sq\/deshton-mbledhja-e-kryesise-se-grupit-te-pd-salianji-ne-funksionojme-me-rregulloren-tone-jo-te-rames\/","title":{"rendered":"D\u00ebshton mbledhja e Kryesis\u00eb s\u00eb Grupit t\u00eb PD, Salianji: Ne funksionojm\u00eb me rregulloren ton\u00eb, jo t\u00eb Ram\u00ebs"},"content":{"rendered":"<p>Deputeti demokrat Ervin Salianji, thot\u00eb se mbledhja e Kryesis\u00eb s\u00eb vog\u00ebl t\u00eb Grupit Parlamentar t\u00eb PD ka d\u00ebshtuar. Ajo do t\u00eb mbahej sot, por Salianji u shpreh se nuk ka patur dakord\u00ebsi.<\/p>\n<p>\u201cEdhe sot nuk pati nj\u00eb mbledhje t\u00eb Kryesis\u00eb s\u00eb Grupit Parlamentar t\u00eb PD. Ne funksionojm\u00eb me rregulloren e Grupit Parlamentar dhe jo rregulloren e Ram\u00ebs\u201d, tha deputeti i PD, duke sh\u00ebnjestruar kryetarin e Grupit Enkelejd Alibeaj.<\/p>\n<p>Gazetar\u00ebt e pyet\u00ebn se p\u00ebrse nuk shkon n\u00eb mbledhjen tjet\u00ebr t\u00eb Grupit Parlamentar, e thirrur nga Alibeaj n\u00eb or\u00ebn 14.00, por b\u00ebn deklarata publike, Ervin Salianji u shpreh:<\/p>\n<p>\u201cKa nj\u00eb hile, \u00e7do her\u00eb q\u00eb ka nj\u00eb mbledhje n\u00eb gjith\u00eb ekzistenc\u00ebn e grupit, ka pasur mbledhje t\u00eb p\u00ebrjavshme t\u00eb Kryesis\u00eb s\u00eb Grupit dhe para se dokumentet t\u00eb b\u00ebhen publike diskutohen me deputet\u00ebt.\u201d<\/p>\n","protected":false},"excerpt":{"rendered":"<p>Deputeti demokrat Ervin Salianji, thot\u00eb se mbledhja e Kryesis\u00eb s\u00eb vog\u00ebl t\u00eb Grupit Parlamentar t\u00eb PD ka d\u00ebshtuar. Ajo do t\u00eb mbahej sot, por Salianji u shpreh se nuk ka patur dakord\u00ebsi. \u201cEdhe sot nuk pati nj\u00eb mbledhje t\u00eb Kryesis\u00eb s\u00eb Grupit Parlamentar t\u00eb PD. Ne funksionojm\u00eb me rregulloren e Grupit Parlamentar dhe jo rregulloren [&hellip;]<\/p>\n","protected":false},"author":2030,"featured_media":256920,"comment_status":"closed","ping_status":"closed","sticky":false,"template":"","format":"standard","meta":{"footnotes":""},"categories":[241,3366,5380,231,1454],"tags":[],"class_list":{"0":"post-256919","1":"post","2":"type-post","3":"status-publish","4":"format-standard","5":"has-post-thumbnail","7":"category-aktualitet","8":"category-koment","9":"category-kryesore","10":"category-lajme","11":"category-politike"},"_links":{"self":[{"href":"https:\/\/zjarr.tv\/sq\/wp-json\/wp\/v2\/posts\/256919","targetHints":{"allow":["GET"]}}],"collection":[{"href":"https:\/\/zjarr.tv\/sq\/wp-json\/wp\/v2\/posts"}],"about":[{"href":"https:\/\/zjarr.tv\/sq\/wp-json\/wp\/v2\/types\/post"}],"author":[{"embeddable":true,"href":"https:\/\/zjarr.tv\/sq\/wp-json\/wp\/v2\/users\/2030"}],"replies":[{"embeddable":true,"href":"https:\/\/zjarr.tv\/sq\/wp-json\/wp\/v2\/comments?post=256919"}],"version-history":[{"count":0,"href":"https:\/\/zjarr.tv\/sq\/wp-json\/wp\/v2\/posts\/256919\/revisions"}],"wp:featuredmedia":[{"embeddable":true,"href":"https:\/\/zjarr.tv\/sq\/wp-json\/wp\/v2\/media\/256920"}],"wp:attachment":[{"href":"https:\/\/zjarr.tv\/sq\/wp-json\/wp\/v2\/media?parent=256919"}],"wp:term":[{"taxonomy":"category","embeddable":true,"href":"https:\/\/zjarr.tv\/sq\/wp-json\/wp\/v2\/categories?post=256919"},{"taxonomy":"post_tag","embeddable":true,"href":"https:\/\/zjarr.tv\/sq\/wp-json\/wp\/v2\/tags?post=256919"}],"curies":[{"name":"wp","href":"https:\/\/api.w.org\/{rel}","templated":true}]}}