{"id":256925,"date":"2022-05-09T11:34:43","date_gmt":"2022-05-09T09:34:43","guid":{"rendered":"https:\/\/zjarr.tv\/?p=256925"},"modified":"2022-05-09T11:34:43","modified_gmt":"2022-05-09T09:34:43","slug":"fuqia-e-integrimit-mund-te-ndryshoje-rrjedhen-e-nje-vendi-tabaku-e-ardhmja-e-shqiperise-vetem-be-por-me-ramen-ne-pushtet-kjo-nuk-ndodh","status":"publish","type":"post","link":"https:\/\/zjarr.tv\/sq\/fuqia-e-integrimit-mund-te-ndryshoje-rrjedhen-e-nje-vendi-tabaku-e-ardhmja-e-shqiperise-vetem-be-por-me-ramen-ne-pushtet-kjo-nuk-ndodh\/","title":{"rendered":"\u201cFuqia e integrimit mund t\u00eb ndryshoj\u00eb rrjedh\u00ebn e nj\u00eb vendi\u201d, Tabaku: E ardhmja e Shqip\u00ebris\u00eb vet\u00ebm BE, por me Ram\u00ebn n\u00eb pushtet kjo nuk ndodh"},"content":{"rendered":"<p>Deputetja e PD Jorida Tabaku shprehet se e ardhmja e Shqip\u00ebris\u00eb duhet t\u00eb jet\u00eb an\u00ebtar\u00ebsimi n\u00eb BE, por sipas saj sa koh\u00eb q\u00eb Edi Rama t\u00eb jet\u00eb n\u00eb pushtet kjo nuk do t\u00eb ndodh\u00eb.<\/p>\n<p>N\u00eb nj\u00eb mesazh t\u00eb shp\u00ebrndar\u00eb n\u00eb Facebook n\u00eb kuad\u00ebr t\u00eb Dit\u00ebs s\u00eb Europ\u00ebs, Tabaku shprehet se fuqia e integrimit \u00ebsht\u00eb aq e madhe sa ndryshon rrjedh\u00ebn e nj\u00eb vendi.<\/p>\n<p>Reagimi i plot\u00eb:<\/p>\n<p>Nuk ka asnj\u0113 t\u0113 ardhme p\u0113r shqiptar\u00ebt p\u00ebrtej BE! Europa duhet t\u0113 jet\u0113 k\u0113tu por ajo po shnd\u0113rrohet n\u0113 nj\u0113 pritje t\u0113 nj\u0113 date q\u0113 me sa duket kurr\u0113 nuk do t\u0113 vij\u0113 me Ram\u0113n n\u0113 pushtet.<\/p>\n<p>Fuqia e integrimit \u0113sht\u0113 e madhe aq sa ndryshon rrjedh\u0113n e nj\u0113 vendi. Prandaj duhet ti japim mundesin\u0113 shqiptar\u0113ve t\u0113 jen\u0113 p\u0113rfituesit dhe kontribuesit e BE-s\u0113.<\/p>\n<p>Europa e bashkuar, p\u00ebr t\u00eb cituar Adenhauer, qe \u00ebndrra e disave. U kthye shpresa e t\u00eb shumt\u00ebve. Sot \u00ebsht\u00eb domosdoshm\u00ebri p\u00ebr t\u00eb gjith\u00eb ne!<\/p>\n","protected":false},"excerpt":{"rendered":"<p>Deputetja e PD Jorida Tabaku shprehet se e ardhmja e Shqip\u00ebris\u00eb duhet t\u00eb jet\u00eb an\u00ebtar\u00ebsimi n\u00eb BE, por sipas saj sa koh\u00eb q\u00eb Edi Rama t\u00eb jet\u00eb n\u00eb pushtet kjo nuk do t\u00eb ndodh\u00eb. N\u00eb nj\u00eb mesazh t\u00eb shp\u00ebrndar\u00eb n\u00eb Facebook n\u00eb kuad\u00ebr t\u00eb Dit\u00ebs s\u00eb Europ\u00ebs, Tabaku shprehet se fuqia e integrimit \u00ebsht\u00eb aq [&hellip;]<\/p>\n","protected":false},"author":2016,"featured_media":256926,"comment_status":"closed","ping_status":"closed","sticky":false,"template":"","format":"standard","meta":{"footnotes":""},"categories":[241,5380,231,1454],"tags":[],"class_list":{"0":"post-256925","1":"post","2":"type-post","3":"status-publish","4":"format-standard","5":"has-post-thumbnail","7":"category-aktualitet","8":"category-kryesore","9":"category-lajme","10":"category-politike"},"_links":{"self":[{"href":"https:\/\/zjarr.tv\/sq\/wp-json\/wp\/v2\/posts\/256925","targetHints":{"allow":["GET"]}}],"collection":[{"href":"https:\/\/zjarr.tv\/sq\/wp-json\/wp\/v2\/posts"}],"about":[{"href":"https:\/\/zjarr.tv\/sq\/wp-json\/wp\/v2\/types\/post"}],"author":[{"embeddable":true,"href":"https:\/\/zjarr.tv\/sq\/wp-json\/wp\/v2\/users\/2016"}],"replies":[{"embeddable":true,"href":"https:\/\/zjarr.tv\/sq\/wp-json\/wp\/v2\/comments?post=256925"}],"version-history":[{"count":0,"href":"https:\/\/zjarr.tv\/sq\/wp-json\/wp\/v2\/posts\/256925\/revisions"}],"wp:featuredmedia":[{"embeddable":true,"href":"https:\/\/zjarr.tv\/sq\/wp-json\/wp\/v2\/media\/256926"}],"wp:attachment":[{"href":"https:\/\/zjarr.tv\/sq\/wp-json\/wp\/v2\/media?parent=256925"}],"wp:term":[{"taxonomy":"category","embeddable":true,"href":"https:\/\/zjarr.tv\/sq\/wp-json\/wp\/v2\/categories?post=256925"},{"taxonomy":"post_tag","embeddable":true,"href":"https:\/\/zjarr.tv\/sq\/wp-json\/wp\/v2\/tags?post=256925"}],"curies":[{"name":"wp","href":"https:\/\/api.w.org\/{rel}","templated":true}]}}