{"id":256937,"date":"2022-05-09T11:42:10","date_gmt":"2022-05-09T09:42:10","guid":{"rendered":"https:\/\/zjarr.tv\/?p=256937"},"modified":"2022-05-09T11:42:10","modified_gmt":"2022-05-09T09:42:10","slug":"deklarata-e-forte-e-robert-papes-tregon-prapaskenat-e-udhetimit-te-papritur-te-yuri-kim-drejt-shba","status":"publish","type":"post","link":"https:\/\/zjarr.tv\/sq\/deklarata-e-forte-e-robert-papes-tregon-prapaskenat-e-udhetimit-te-papritur-te-yuri-kim-drejt-shba\/","title":{"rendered":"Deklarata e fort\u00eb e Robert Pap\u00ebs, tregon prapaskenat e udh\u00ebtimit t\u00eb papritur t\u00eb Yuri Kim drejt SHBA"},"content":{"rendered":"<p>Gazetari Robert Papa hodhi disa dyshime n\u00eb lidhje me udh\u00ebtimin e ambasadores amerikane, Yuri Kim, drejt SHBA pik\u00ebrisht n\u00eb koh\u00ebn kur n\u00eb Shqip\u00ebri nisi nj\u00eb peticion n\u00eb lidhje me p\u00ebrfshirjen e saj n\u00eb politik\u00ebn e brendshme.<\/p>\n<p>Papa tha se shkak i udh\u00ebtimit mund t\u00eb jet\u00eb nj\u00eb thirrje p\u00ebr konsultime n\u00eb Departamentin e Shtetit.<\/p>\n<p>Deklarata e Pap\u00ebs:<\/p>\n<p>\u201cNuk kishte pse t\u00eb vinte n\u00eb SHBA pasi shefja e saj, Karen Donfried, ishte n\u00eb Tiran\u00eb pak dit\u00eb m\u00eb par\u00eb. Kjo \u00ebsht\u00eb ajo q\u00eb quhet thirrje p\u00ebr konsultime. Efekti i peticionit ka ndikuar. Kur nj\u00eb zyrtare e lart\u00eb amerikane thot\u00eb q\u00eb ambasadorja jon\u00eb ka mb\u00ebshtetjen e presidentit\u2026 gjithkush e di q\u00eb presidenti nuk e njeh, \u00ebsht\u00eb nj\u00eb em\u00ebrim nga 250 ambasador\u00eb. P\u00ebr pushime nuk ka ardhur se pushimet nuk b\u00ebhen n\u00eb maj\u201d, tha Papa.<\/p>\n","protected":false},"excerpt":{"rendered":"<p>Gazetari Robert Papa hodhi disa dyshime n\u00eb lidhje me udh\u00ebtimin e ambasadores amerikane, Yuri Kim, drejt SHBA pik\u00ebrisht n\u00eb koh\u00ebn kur n\u00eb Shqip\u00ebri nisi nj\u00eb peticion n\u00eb lidhje me p\u00ebrfshirjen e saj n\u00eb politik\u00ebn e brendshme. Papa tha se shkak i udh\u00ebtimit mund t\u00eb jet\u00eb nj\u00eb thirrje p\u00ebr konsultime n\u00eb Departamentin e Shtetit. Deklarata e [&hellip;]<\/p>\n","protected":false},"author":2030,"featured_media":256938,"comment_status":"closed","ping_status":"closed","sticky":false,"template":"","format":"standard","meta":{"footnotes":""},"categories":[241,3366,5380,231],"tags":[],"class_list":{"0":"post-256937","1":"post","2":"type-post","3":"status-publish","4":"format-standard","5":"has-post-thumbnail","7":"category-aktualitet","8":"category-koment","9":"category-kryesore","10":"category-lajme"},"_links":{"self":[{"href":"https:\/\/zjarr.tv\/sq\/wp-json\/wp\/v2\/posts\/256937","targetHints":{"allow":["GET"]}}],"collection":[{"href":"https:\/\/zjarr.tv\/sq\/wp-json\/wp\/v2\/posts"}],"about":[{"href":"https:\/\/zjarr.tv\/sq\/wp-json\/wp\/v2\/types\/post"}],"author":[{"embeddable":true,"href":"https:\/\/zjarr.tv\/sq\/wp-json\/wp\/v2\/users\/2030"}],"replies":[{"embeddable":true,"href":"https:\/\/zjarr.tv\/sq\/wp-json\/wp\/v2\/comments?post=256937"}],"version-history":[{"count":0,"href":"https:\/\/zjarr.tv\/sq\/wp-json\/wp\/v2\/posts\/256937\/revisions"}],"wp:featuredmedia":[{"embeddable":true,"href":"https:\/\/zjarr.tv\/sq\/wp-json\/wp\/v2\/media\/256938"}],"wp:attachment":[{"href":"https:\/\/zjarr.tv\/sq\/wp-json\/wp\/v2\/media?parent=256937"}],"wp:term":[{"taxonomy":"category","embeddable":true,"href":"https:\/\/zjarr.tv\/sq\/wp-json\/wp\/v2\/categories?post=256937"},{"taxonomy":"post_tag","embeddable":true,"href":"https:\/\/zjarr.tv\/sq\/wp-json\/wp\/v2\/tags?post=256937"}],"curies":[{"name":"wp","href":"https:\/\/api.w.org\/{rel}","templated":true}]}}