{"id":256940,"date":"2022-05-09T11:44:26","date_gmt":"2022-05-09T09:44:26","guid":{"rendered":"https:\/\/zjarr.tv\/?p=256940"},"modified":"2022-05-09T11:44:26","modified_gmt":"2022-05-09T09:44:26","slug":"nuk-ndalet-sazan-guri-i-vendosur-per-tu-bere-president-une-do-te-rris-vlerat-e-shqiperise-krishti-eshte-ilir-dhe-kam-edhe-99-fakte-te-tjera","status":"publish","type":"post","link":"https:\/\/zjarr.tv\/sq\/nuk-ndalet-sazan-guri-i-vendosur-per-tu-bere-president-une-do-te-rris-vlerat-e-shqiperise-krishti-eshte-ilir-dhe-kam-edhe-99-fakte-te-tjera\/","title":{"rendered":"Nuk ndalet Sazan Guri, i vendosur p\u00ebr t\u2019u b\u00ebr\u00eb president: Un\u00eb do t\u00eb rris vlerat e Shqip\u00ebris\u00eb, Krishti \u00ebsht\u00eb Ilir dhe kam edhe 99 fakte t\u00eb tjera"},"content":{"rendered":"<p>Sazan Gurim \u00ebsht\u00eb m\u00eb i vendosur se kurr\u00eb p\u00ebr t\u2019u shpallur president, madje ai ka shpjeguar n\u00eb emisionin \u201cN\u2019koh\u00eb\u201d n\u00eb Report Tv, argumentet se p\u00ebrse duhet t\u00eb zgjidhet president duke shpalosur platform\u00ebn e tij.<\/p>\n<p>\u201cSi president, do t\u00eb krijoj mardh\u00ebnie t\u00eb shk\u00eblqyera me kryeministrin sepse modeli i bashkpunimit mes institucioneve duhet t\u00eb jet\u00eb i lart\u00eb. Do t\u00eb rris vlerat e Shqip\u00ebris\u00eb. Do t\u00eb krijoj profeci p\u00ebr t\u00eb vler\u00ebsuar veten, si e b\u00ebn\u00eb grek\u00ebt? Pra t\u00eb krijosh besim. Mbrojtja e kufijve t\u00eb shtetit n\u00eb m\u00ebnyr\u00eb t\u00eb drejt\u00eb. Do t\u00eb nd\u00ebrhyj te kushtetuta p\u00ebr 4 gj\u00ebra t\u00eb m\u00ebdha: Votimi elektronik, Reforma zgjedhore, Komisione specialist\u00ebsh si dhe mund\u00ebsimin e vot\u00ebs s\u00eb emigrant\u00ebve\u201d, u shpreh Guri.<\/p>\n<p>Gjithashtu, Guri ka theksuar se kandidimi i tij vendos\u00eb nj\u00eb standard p\u00ebr kandidaturat e tjera, nd\u00ebrsa \u00ebsht\u00eb ndalur s\u00ebrish te nj\u00eb postim i b\u00ebr\u00eb pak dit\u00eb m\u00eb par\u00eb n\u00eb profilin e tij, ku shfaqet Krishti me Plis\u00eb.<\/p>\n<p>\u201cQ\u00eb Krishti \u00ebsht\u00eb me plis\u00eb k\u00ebt\u00eb nuk e pikturova un\u00eb, por kjo mund t\u00eb jet\u00eb nj\u00eb lidhje e Krishtit me Ilir\u00ebt. Por mir\u00eb b\u00ebn\u00eb sepse pas k\u00ebtij argumenti jan\u00eb edhe 99 t\u00eb tjera\u201d, tha ai.<\/p>\n","protected":false},"excerpt":{"rendered":"<p>Sazan Gurim \u00ebsht\u00eb m\u00eb i vendosur se kurr\u00eb p\u00ebr t\u2019u shpallur president, madje ai ka shpjeguar n\u00eb emisionin \u201cN\u2019koh\u00eb\u201d n\u00eb Report Tv, argumentet se p\u00ebrse duhet t\u00eb zgjidhet president duke shpalosur platform\u00ebn e tij. \u201cSi president, do t\u00eb krijoj mardh\u00ebnie t\u00eb shk\u00eblqyera me kryeministrin sepse modeli i bashkpunimit mes institucioneve duhet t\u00eb jet\u00eb i lart\u00eb. [&hellip;]<\/p>\n","protected":false},"author":2030,"featured_media":256941,"comment_status":"closed","ping_status":"closed","sticky":false,"template":"","format":"standard","meta":{"footnotes":""},"categories":[241,3366,5380,231],"tags":[],"class_list":{"0":"post-256940","1":"post","2":"type-post","3":"status-publish","4":"format-standard","5":"has-post-thumbnail","7":"category-aktualitet","8":"category-koment","9":"category-kryesore","10":"category-lajme"},"_links":{"self":[{"href":"https:\/\/zjarr.tv\/sq\/wp-json\/wp\/v2\/posts\/256940","targetHints":{"allow":["GET"]}}],"collection":[{"href":"https:\/\/zjarr.tv\/sq\/wp-json\/wp\/v2\/posts"}],"about":[{"href":"https:\/\/zjarr.tv\/sq\/wp-json\/wp\/v2\/types\/post"}],"author":[{"embeddable":true,"href":"https:\/\/zjarr.tv\/sq\/wp-json\/wp\/v2\/users\/2030"}],"replies":[{"embeddable":true,"href":"https:\/\/zjarr.tv\/sq\/wp-json\/wp\/v2\/comments?post=256940"}],"version-history":[{"count":0,"href":"https:\/\/zjarr.tv\/sq\/wp-json\/wp\/v2\/posts\/256940\/revisions"}],"wp:featuredmedia":[{"embeddable":true,"href":"https:\/\/zjarr.tv\/sq\/wp-json\/wp\/v2\/media\/256941"}],"wp:attachment":[{"href":"https:\/\/zjarr.tv\/sq\/wp-json\/wp\/v2\/media?parent=256940"}],"wp:term":[{"taxonomy":"category","embeddable":true,"href":"https:\/\/zjarr.tv\/sq\/wp-json\/wp\/v2\/categories?post=256940"},{"taxonomy":"post_tag","embeddable":true,"href":"https:\/\/zjarr.tv\/sq\/wp-json\/wp\/v2\/tags?post=256940"}],"curies":[{"name":"wp","href":"https:\/\/api.w.org\/{rel}","templated":true}]}}