{"id":256944,"date":"2022-05-09T11:50:29","date_gmt":"2022-05-09T09:50:29","guid":{"rendered":"https:\/\/zjarr.tv\/?p=256944"},"modified":"2022-05-09T11:50:29","modified_gmt":"2022-05-09T09:50:29","slug":"punetoret-e-inceneratorit-te-fierit-proteste-per-rrogat-reagon-tabaku-qeveria-paguan-kompani-fantazma","status":"publish","type":"post","link":"https:\/\/zjarr.tv\/sq\/punetoret-e-inceneratorit-te-fierit-proteste-per-rrogat-reagon-tabaku-qeveria-paguan-kompani-fantazma\/","title":{"rendered":"Pun\u00ebtor\u00ebt e inceneratorit t\u00eb Fierit protest\u00eb p\u00ebr rrogat, reagon Tabaku: Qeveria paguan kompani fantazma"},"content":{"rendered":"<p>Pun\u00ebtor\u00ebt e incineratorit t\u00eb Fierit dit\u00ebn e sotme kan\u00eb dol\u00ebn n\u00eb protest\u00eb p\u00ebr t\u00eb k\u00ebrkuar rrogat e prapambetura.<\/p>\n<p>Sipas tyre ata nuk jan\u00eb paguar q\u00eb prej janarit t\u00eb k\u00ebtij viti (2022.)<\/p>\n<p>Deputetja demokrate, Jorida Tabaku e cila ishte kryetare e Komisionit Hetimor p\u00ebr Incinerator\u00ebt, p\u00ebrmes nj\u00eb postimi n\u00eb Twitter akuzon qeverin\u00eb se kan\u00eb marr\u00eb lek\u00ebt nga buxheti i shtetit p\u00ebr nj\u00eb incinerator q\u00eb nuk ekziston dhe p\u00ebr m\u00eb tep\u00ebr nuk paguajn\u00eb as pun\u00ebtor\u00ebt.<\/p>\n<p>\u201cKy po q\u00eb \u00ebsht\u00eb biznesi tipik i k\u00ebsaj qeverie. Marrin 28 mln nga buxheti p\u00ebr nj\u00eb incenerator q\u00eb nuk ekziston dhe s\u2019paguajn\u00eb as punonj\u00ebsit! Paguhen kompani fantazma dhe transaksione n\u00eb kompani offshore dhe jo t\u00eb pun\u00ebsuarit! Vjedhja shekullit 430 mln euro\u201d, shkruan Tabaku.<\/p>\n<p>Pun\u00ebtor\u00ebt bllokuan hyrjen e landfillit dhe nuk lejojn\u00eb asnj\u00eb makin\u00eb me mbetje urbane q\u00eb t\u00eb kaloj\u00eb. Ata k\u00ebrc\u00ebnuan se nuk do t\u00eb largohen nga hyrja deri sa t\u00eb marrin nj\u00eb p\u00ebrgjigje. Kjo \u00ebsht\u00eb protesta e dyt\u00eb e pun\u00ebtor\u00ebve t\u00eb k\u00ebtij incineratori.<\/p>\n<p>N\u00eb 30 prill pun\u00ebtor\u00ebt b\u00ebn\u00eb s\u00ebrish t\u00eb nj\u00ebjt\u00ebn k\u00ebrkes\u00eb dhe sipas tyre ka r\u00ebn\u00eb n\u00eb vesh t\u00eb shurdh\u00ebr pasi nuk kan\u00eb marr\u00eb asnj\u00eb p\u00ebrgjigje.<\/p>\n","protected":false},"excerpt":{"rendered":"<p>Pun\u00ebtor\u00ebt e incineratorit t\u00eb Fierit dit\u00ebn e sotme kan\u00eb dol\u00ebn n\u00eb protest\u00eb p\u00ebr t\u00eb k\u00ebrkuar rrogat e prapambetura. Sipas tyre ata nuk jan\u00eb paguar q\u00eb prej janarit t\u00eb k\u00ebtij viti (2022.) Deputetja demokrate, Jorida Tabaku e cila ishte kryetare e Komisionit Hetimor p\u00ebr Incinerator\u00ebt, p\u00ebrmes nj\u00eb postimi n\u00eb Twitter akuzon qeverin\u00eb se kan\u00eb marr\u00eb lek\u00ebt [&hellip;]<\/p>\n","protected":false},"author":2030,"featured_media":256945,"comment_status":"closed","ping_status":"closed","sticky":false,"template":"","format":"standard","meta":{"footnotes":""},"categories":[241,3366,5380,231,1454],"tags":[],"class_list":{"0":"post-256944","1":"post","2":"type-post","3":"status-publish","4":"format-standard","5":"has-post-thumbnail","7":"category-aktualitet","8":"category-koment","9":"category-kryesore","10":"category-lajme","11":"category-politike"},"_links":{"self":[{"href":"https:\/\/zjarr.tv\/sq\/wp-json\/wp\/v2\/posts\/256944","targetHints":{"allow":["GET"]}}],"collection":[{"href":"https:\/\/zjarr.tv\/sq\/wp-json\/wp\/v2\/posts"}],"about":[{"href":"https:\/\/zjarr.tv\/sq\/wp-json\/wp\/v2\/types\/post"}],"author":[{"embeddable":true,"href":"https:\/\/zjarr.tv\/sq\/wp-json\/wp\/v2\/users\/2030"}],"replies":[{"embeddable":true,"href":"https:\/\/zjarr.tv\/sq\/wp-json\/wp\/v2\/comments?post=256944"}],"version-history":[{"count":0,"href":"https:\/\/zjarr.tv\/sq\/wp-json\/wp\/v2\/posts\/256944\/revisions"}],"wp:featuredmedia":[{"embeddable":true,"href":"https:\/\/zjarr.tv\/sq\/wp-json\/wp\/v2\/media\/256945"}],"wp:attachment":[{"href":"https:\/\/zjarr.tv\/sq\/wp-json\/wp\/v2\/media?parent=256944"}],"wp:term":[{"taxonomy":"category","embeddable":true,"href":"https:\/\/zjarr.tv\/sq\/wp-json\/wp\/v2\/categories?post=256944"},{"taxonomy":"post_tag","embeddable":true,"href":"https:\/\/zjarr.tv\/sq\/wp-json\/wp\/v2\/tags?post=256944"}],"curies":[{"name":"wp","href":"https:\/\/api.w.org\/{rel}","templated":true}]}}