{"id":256951,"date":"2022-05-09T12:03:32","date_gmt":"2022-05-09T10:03:32","guid":{"rendered":"https:\/\/zjarr.tv\/?p=256951"},"modified":"2022-05-09T12:03:32","modified_gmt":"2022-05-09T10:03:32","slug":"propozimi-i-erion-braces-policia-te-mbledhe-kartonat-per-parkimin-e-makinave-te-deputeteve-i-ka-cdo-lloj-rrugaci-jane-te-paprekshem-ne-rruge","status":"publish","type":"post","link":"https:\/\/zjarr.tv\/sq\/propozimi-i-erion-braces-policia-te-mbledhe-kartonat-per-parkimin-e-makinave-te-deputeteve-i-ka-cdo-lloj-rrugaci-jane-te-paprekshem-ne-rruge\/","title":{"rendered":"Propozimi i Erion Bra\u00e7es: Policia t\u00eb mbledh\u00eb \u201ckartonat\u201d p\u00ebr parkimin e makinave t\u00eb deputet\u00ebve, i ka \u00e7do lloj rruga\u00e7i! Jan\u00eb t\u00eb papreksh\u00ebm n\u00eb rrug\u00eb"},"content":{"rendered":"<p>Deputeti socialist Erion Bra\u00e7e, reagon p\u00ebrs\u00ebri p\u00ebr aksidentin e r\u00ebnd\u00eb q\u00eb ndodhi mesdit\u00ebn e djeshme n\u00eb Tiran\u00eb. Ai k\u00ebrkon barazi ligjore, duke i b\u00ebr\u00eb thirrje Policis\u00eb s\u00eb Shtetit q\u00eb t\u00eb mbledh\u00eb \u201ckartonat\u201d q\u00eb vendosen n\u00eb makinat e deputet\u00ebve dhe ju garantojn\u00eb atyre parkim.<\/p>\n<p>Sipas Bra\u00e7es, k\u00ebto tabela i ka sot \u00e7do lloj rruga\u00e7i e biznesmeni dhe jan\u00eb t\u00eb papreksh\u00ebm. \u201cDo jete nje akt i vlefshem per ligjshmerine e barazine ne rruge, sigurine e te gjitheve\u201d, shkruan ai nd\u00ebr t\u00eb tjera.<\/p>\n<p>Sh\u00ebnimi i plot\u00eb i deputetit t\u00eb PS:<\/p>\n<p>Na duhet ligjshmeri e barazi ne rruge! Dua qe aksidenti i djeshem te mos harrohet brenda tre diteve; Natyrisht duhet DREJTESI per ate qe shkaktoi dje aksidentin e tmerrshem.<\/p>\n<p>Por duhet te shkojme pertej; Na duhet ligjshmeri e barazi kur levizim e parkojme ne rruget e ketij qyteti. Vetem keshtu vjen siguria!<\/p>\n<p>Atehere, a ka mundesi qe policia e shtetit te dale e te mbledhe TABELAT qe medemek duhet ti garantojne deputeteve parkim rreth ambjenteve te KRYESISE SE KUVENDIT e SALLES SE SEANCAVE PLENARE, por qe i disponon cdo lloj rrugaci, gangsteri, i forti, biznesmeni e djali i tij e me te cilen ka fituar nje status te paprekshmi ne rruge?!<\/p>\n<p>Do jete nje akt i vlefshem per ligjshmerine e barazine ne rruge, sigurine e te gjitheve!<\/p>\n","protected":false},"excerpt":{"rendered":"<p>Deputeti socialist Erion Bra\u00e7e, reagon p\u00ebrs\u00ebri p\u00ebr aksidentin e r\u00ebnd\u00eb q\u00eb ndodhi mesdit\u00ebn e djeshme n\u00eb Tiran\u00eb. Ai k\u00ebrkon barazi ligjore, duke i b\u00ebr\u00eb thirrje Policis\u00eb s\u00eb Shtetit q\u00eb t\u00eb mbledh\u00eb \u201ckartonat\u201d q\u00eb vendosen n\u00eb makinat e deputet\u00ebve dhe ju garantojn\u00eb atyre parkim. Sipas Bra\u00e7es, k\u00ebto tabela i ka sot \u00e7do lloj rruga\u00e7i e biznesmeni [&hellip;]<\/p>\n","protected":false},"author":2030,"featured_media":256870,"comment_status":"closed","ping_status":"closed","sticky":false,"template":"","format":"standard","meta":{"footnotes":""},"categories":[241,3366,5380,231,1454],"tags":[],"class_list":{"0":"post-256951","1":"post","2":"type-post","3":"status-publish","4":"format-standard","5":"has-post-thumbnail","7":"category-aktualitet","8":"category-koment","9":"category-kryesore","10":"category-lajme","11":"category-politike"},"_links":{"self":[{"href":"https:\/\/zjarr.tv\/sq\/wp-json\/wp\/v2\/posts\/256951","targetHints":{"allow":["GET"]}}],"collection":[{"href":"https:\/\/zjarr.tv\/sq\/wp-json\/wp\/v2\/posts"}],"about":[{"href":"https:\/\/zjarr.tv\/sq\/wp-json\/wp\/v2\/types\/post"}],"author":[{"embeddable":true,"href":"https:\/\/zjarr.tv\/sq\/wp-json\/wp\/v2\/users\/2030"}],"replies":[{"embeddable":true,"href":"https:\/\/zjarr.tv\/sq\/wp-json\/wp\/v2\/comments?post=256951"}],"version-history":[{"count":0,"href":"https:\/\/zjarr.tv\/sq\/wp-json\/wp\/v2\/posts\/256951\/revisions"}],"wp:featuredmedia":[{"embeddable":true,"href":"https:\/\/zjarr.tv\/sq\/wp-json\/wp\/v2\/media\/256870"}],"wp:attachment":[{"href":"https:\/\/zjarr.tv\/sq\/wp-json\/wp\/v2\/media?parent=256951"}],"wp:term":[{"taxonomy":"category","embeddable":true,"href":"https:\/\/zjarr.tv\/sq\/wp-json\/wp\/v2\/categories?post=256951"},{"taxonomy":"post_tag","embeddable":true,"href":"https:\/\/zjarr.tv\/sq\/wp-json\/wp\/v2\/tags?post=256951"}],"curies":[{"name":"wp","href":"https:\/\/api.w.org\/{rel}","templated":true}]}}