{"id":256954,"date":"2022-05-09T12:07:15","date_gmt":"2022-05-09T10:07:15","guid":{"rendered":"https:\/\/zjarr.tv\/?p=256954"},"modified":"2022-05-09T12:07:15","modified_gmt":"2022-05-09T10:07:15","slug":"u-faktua-marreveshja-rama-basha-alibeaj-komisioni-i-rithemelimit-kunder-draftit-per-presidentin-e-ri-poshterim-per-demokratet","status":"publish","type":"post","link":"https:\/\/zjarr.tv\/sq\/u-faktua-marreveshja-rama-basha-alibeaj-komisioni-i-rithemelimit-kunder-draftit-per-presidentin-e-ri-poshterim-per-demokratet\/","title":{"rendered":"\u201cU faktua marr\u00ebveshja Rama-Basha-Alibeaj\u201d\/ Komisioni i Rithemelimit kund\u00ebr draftit p\u00ebr Presidentin e ri: Posht\u00ebrim p\u00ebr demokrat\u00ebt"},"content":{"rendered":"<p>Komisioni i Rithemelimit ka reaguar pas mbledhjes t\u00eb grupit parlamentar t\u00eb thirrur sot nga Enkelejd Alibeaj, por edhe pas publikimit t\u00eb draftit t\u00eb publikuar nga Alibeaj. N\u00eb nj\u00eb dalje p\u00ebr mediat, Drejtoresha e Komunikimit p\u00ebr mediat n\u00eb Komisionin e Rithemelimit, Floriana Garo thot\u00eb se ai dokument fakton marr\u00ebveshjen Rama \u2013 Basha- Alibeaj.<\/p>\n<p>DEKLARATA E PLOTE<\/p>\n<p>Dje, deputeti Alibeaj ka njoftuar, n\u00eb kund\u00ebrshtim t\u00eb plot\u00eb me vendimet e Kuvendit t\u00eb PD t\u00eb dat\u00ebs 30 Prill 2022, dhe rregulloren e Grupit Parlamentar t\u00eb PD , mbledhje grupi parlamentar p\u00ebr dit\u00ebn e sotme, si dhe ka shp\u00ebrndar\u00eb duke mos patur asnj\u00eb tag\u00ebr, nj\u00eb dokument q\u00eb p\u00ebrfaq\u00ebson De Fakto marr\u00ebveshjen Rama-Basha p\u00ebr propozimin e kandidatit t\u00eb Edi Ram\u00ebs nga Opozita e em\u00ebruar Basha-Alibeaj.<\/p>\n<p>K\u00ebshtu, Edi Rama me ndihm\u00ebn e dyshes t\u00eb em\u00ebruar prej tij Basha-Alibeaj zgjedh Presidentin e tij, propozuar nga pseudo-opozita dhe mendon se mbyll n\u00eb m\u00ebnyr\u00ebn m\u00eb t\u00eb turpshme dhunimin masiv t\u00eb zgjedhjeve t\u00eb 25 prillit, 2021.<\/p>\n<p>N\u00eb k\u00ebt\u00eb kontekst, marr\u00ebveshja Rama \u2013 Basha \u2013 Alibeaj \u00ebsht\u00eb nj\u00eb akt tradhtie ndaj 620 mij\u00eb zgjedh\u00ebsve q\u00eb votuan m\u00eb 25 prill p\u00ebr PD dhe opozit\u00ebn shqiptare.<\/p>\n<p>Ky Dokument \u00ebsht\u00eb nj\u00eb akt keqp\u00ebrdorimi dhe keqshfrytezimi si fasad\u00eb, por edhe posht\u00ebrimi nga Edi Rama t\u00eb Bashaalibeit dhe ndonj\u00eb ndjek\u00ebsi t\u00eb tyre, me fars\u00ebn e zgjedhjes s\u00eb Presidentit t\u00eb Republik\u00ebs.<\/p>\n<p>N\u00eb k\u00ebt\u00eb marr\u00ebveshje del qart\u00eb se kriteret jan\u00eb ato q\u00eb ka shpallur Rama, por tani, n\u00ebp\u00ebrmjet binomit Basha-Alibeaj, i paraqet ato si t\u00eb opozit\u00ebs.<\/p>\n<p>P\u00ebr t\u00eb maskuar k\u00ebt\u00eb fakt skandaloz, \u00ebsht\u00eb vendosur si gjethe fiku, nj\u00eb kriter qesharak sipas t\u00eb cilit kandidati p\u00ebr president t\u00eb mos ket\u00eb patur 5 vitet e fundit asnj\u00eb funksion n\u00eb shtet.<\/p>\n<p>Me k\u00ebt\u00eb propozim, Basha-Alibeaj duan t\u00eb na bindin se me kritere, ata po p\u00ebrjashtojn\u00eb kandidatura q\u00eb kan\u00eb lidhje me Edi Ram\u00ebn pa\u00e7ka se ky i fundit, ka jo 5 por 9 vite n\u00eb pushtet dhe si\u00e7 dihet, kontrollon t\u00eb gjitha OJQ-t\u00eb p\u00ebrfshir\u00eb k\u00ebtu edhe at\u00eb t\u00eb Alibeajt.<\/p>\n<p>Ky dokument vjen n\u00eb kund\u00ebrshtim flagrant me rezolut\u00ebn e K\u00ebshillit Komb\u00ebtar t\u00eb dat\u00ebs 6 maj 2022 p\u00ebr zgjedhjen e Presidentit t\u00eb Republik\u00ebs.<\/p>\n<p>Ai bie gjithashtu n\u00eb kund\u00ebrshtim t\u00eb hapur me praktikat transparente t\u00eb deri-sotme n\u00eb zgjedhjen e Presidentit t\u00eb Republik\u00ebs.<\/p>\n<p>PD d\u00ebnon marr\u00ebveshjen Rama-Basha-Alibeaj si nj\u00eb akt kund\u00ebr pluralizmit politik n\u00eb Shqiperi, nj\u00eb loj\u00eb e neveritshme me demokratet dhe popullin opozitar, i cili i n\u00ebnshtron k\u00ebta t\u00eb fundit p\u00ebr llogari t\u00eb pazareve me Edi Ram\u00ebn.<\/p>\n<p>Partia Demokratike u b\u00ebn thirrje deputet\u00ebve t\u00eb saj t\u00eb distancohen nga loja e ul\u00ebt Rama-Basha-Alibeaj n\u00eb kurriz t\u00eb PD, popullit opozitar, demokracis\u00eb, dhe pluralizmit politik n\u00eb Shqip\u00ebri.<\/p>\n","protected":false},"excerpt":{"rendered":"<p>Komisioni i Rithemelimit ka reaguar pas mbledhjes t\u00eb grupit parlamentar t\u00eb thirrur sot nga Enkelejd Alibeaj, por edhe pas publikimit t\u00eb draftit t\u00eb publikuar nga Alibeaj. N\u00eb nj\u00eb dalje p\u00ebr mediat, Drejtoresha e Komunikimit p\u00ebr mediat n\u00eb Komisionin e Rithemelimit, Floriana Garo thot\u00eb se ai dokument fakton marr\u00ebveshjen Rama \u2013 Basha- Alibeaj. DEKLARATA E PLOTE [&hellip;]<\/p>\n","protected":false},"author":2030,"featured_media":256956,"comment_status":"closed","ping_status":"closed","sticky":false,"template":"","format":"standard","meta":{"footnotes":""},"categories":[241,3366,5380,231,1454],"tags":[],"class_list":{"0":"post-256954","1":"post","2":"type-post","3":"status-publish","4":"format-standard","5":"has-post-thumbnail","7":"category-aktualitet","8":"category-koment","9":"category-kryesore","10":"category-lajme","11":"category-politike"},"_links":{"self":[{"href":"https:\/\/zjarr.tv\/sq\/wp-json\/wp\/v2\/posts\/256954","targetHints":{"allow":["GET"]}}],"collection":[{"href":"https:\/\/zjarr.tv\/sq\/wp-json\/wp\/v2\/posts"}],"about":[{"href":"https:\/\/zjarr.tv\/sq\/wp-json\/wp\/v2\/types\/post"}],"author":[{"embeddable":true,"href":"https:\/\/zjarr.tv\/sq\/wp-json\/wp\/v2\/users\/2030"}],"replies":[{"embeddable":true,"href":"https:\/\/zjarr.tv\/sq\/wp-json\/wp\/v2\/comments?post=256954"}],"version-history":[{"count":0,"href":"https:\/\/zjarr.tv\/sq\/wp-json\/wp\/v2\/posts\/256954\/revisions"}],"wp:featuredmedia":[{"embeddable":true,"href":"https:\/\/zjarr.tv\/sq\/wp-json\/wp\/v2\/media\/256956"}],"wp:attachment":[{"href":"https:\/\/zjarr.tv\/sq\/wp-json\/wp\/v2\/media?parent=256954"}],"wp:term":[{"taxonomy":"category","embeddable":true,"href":"https:\/\/zjarr.tv\/sq\/wp-json\/wp\/v2\/categories?post=256954"},{"taxonomy":"post_tag","embeddable":true,"href":"https:\/\/zjarr.tv\/sq\/wp-json\/wp\/v2\/tags?post=256954"}],"curies":[{"name":"wp","href":"https:\/\/api.w.org\/{rel}","templated":true}]}}