{"id":256968,"date":"2022-05-09T12:36:46","date_gmt":"2022-05-09T10:36:46","guid":{"rendered":"https:\/\/zjarr.tv\/?p=256968"},"modified":"2022-05-09T12:36:46","modified_gmt":"2022-05-09T10:36:46","slug":"ditmir-bushati-projekti-europian-i-paperfunduar-me-nje-pjese-organike-jashte-be-se","status":"publish","type":"post","link":"https:\/\/zjarr.tv\/sq\/ditmir-bushati-projekti-europian-i-paperfunduar-me-nje-pjese-organike-jashte-be-se\/","title":{"rendered":"Ditmir Bushati: Projekti europian i pap\u00ebrfunduar me nj\u00eb pjes\u00eb organike jasht\u00eb BE-s\u00eb"},"content":{"rendered":"<p>Ish ministri i Jasht\u00ebm i Shqip\u00ebris\u00eb, Ditmir Bushati shkruan sot se projekti europian nuk mund t\u00eb jet\u00eb i p\u00ebrfunduar kur nj\u00eb pjes\u00eb organike e tij \u00ebsht\u00eb ende jasht\u00eb BE-s\u00eb.<\/p>\n<p>P\u00ebrmes nj\u00eb statusi me rastin e Dit\u00ebs s\u00eb Europ\u00ebs, Bushati shkruan se \u201cEuropa \u00ebsht\u00eb nj\u00eb bashkim q\u00eb simbolizon lirin\u00eb dhe barazin\u00eb, respektin p\u00ebr t\u00eb drejtat e njeriut, solidaritetin, sundimin e s\u00eb drejt\u00ebs dhe synon q\u00eb permes procesit t\u00eb an\u00ebtar\u00ebsimit t\u00eb shteteve q\u00eb d\u00ebshmojn\u00eb vendosm\u00ebri politike p\u00ebr t\u00eb p\u00ebrqafuar k\u00ebto vlera, t\u00eb b\u00ebhet m\u00eb e fort\u00eb dhe m\u00eb konkurruese n\u00eb sken\u00ebn nd\u00ebrkomb\u00ebtare\u201d.<\/p>\n<p>Statusi<\/p>\n<p>P\u00ebr idealin europian!<\/p>\n<p>Lidhjet tona me Europ\u00ebn i kan\u00eb rr\u00ebnj\u00ebt n\u00eb historin\u00eb e lasht\u00eb q\u00eb nga koha e Greqis\u00eb dhe Rom\u00ebs antike. E m\u00eb pas, n\u00eb mesjet\u00eb kur gjat\u00eb shekullit t\u00eb 15-t\u00eb paraardh\u00ebsit tan\u00eb nga d\u00ebshmitar\u00eb u kthyen n\u00eb protagonist\u00eb t\u00eb historis\u00eb europiane, duke luajtur nj\u00eb rol t\u00eb paz\u00ebvend\u00ebsuesh\u00ebm p\u00ebr mbrojtjen e krisht\u00ebrimit dhe vlerave europiane.<\/p>\n<p>Aleancat politike t\u00eb Gjergj Kastriotit me fuqit\u00eb europiane t\u00eb koh\u00ebs ishin shk\u00ebndija t\u00eb shpirtit thell\u00ebsisht evropian t\u00eb shqiptar\u00ebve asokohe. Sk\u00ebnderbeu sh\u00ebnjoi politikisht vet\u00ebm shprehjen e p\u00ebrkat\u00ebsis\u00eb ton\u00eb t\u00eb kahershme europiane.<\/p>\n<p>M\u00eb von\u00eb, k\u00ebto shenja politike u pasuan nga zhvillimi shpirt\u00ebror i popullit ton\u00eb ku pena t\u00eb shquara si Barleti, Buzuku, Budi, Bogdani, Bardhi dhe m\u00eb von\u00eb nj\u00eb plejad\u00eb e art\u00eb e inteligjenc\u00ebs shqiptare si De Rada, Naim Frash\u00ebri, Mjeda, Asdreni, Fishta e shum\u00eb t\u00eb tjer\u00eb, u bazuan te vlerat e fryma e rilindjes europiane p\u00ebr t\u00eb projektuar modelin e shoq\u00ebris\u00eb s\u00eb ardhshme shqiptare.<\/p>\n<p>Alfabeti latin i gjuh\u00ebs shqipe, nd\u00ebr m\u00eb t\u00eb lashtat gjuh\u00eb indo-europiane, tregon qart\u00eb pik\u00ebn e r\u00ebndes\u00ebs s\u00eb shoq\u00ebris\u00eb ton\u00eb, drejt per\u00ebndimit. Edhe n\u00eb periudh\u00ebn e err\u00ebt t\u00eb diktatur\u00ebs komuniste, penat e shquara t\u00eb intelektual\u00ebve si Ernest Koliqi, Eqrem \u00c7abej, Mitrush Kuteli, Petro Marko, Lasgush Poradeci, At Zef Pllumi, Ismail Kadare, Drit\u00ebro Agolli e t\u00eb tjer\u00eb, ishin frym\u00ebmarrja europiane e Shqip\u00ebris\u00eb.<\/p>\n<p>Arb\u00ebresh\u00ebt e Italis\u00eb s\u00eb Jugut, nj\u00eb nga diasporat m\u00eb t\u00eb hershme shqiptare jan\u00eb gjithashtu fotografia njer\u00ebzore e frym\u00ebs europiane t\u00eb shqiptar\u00ebve. Kujtesa jon\u00eb e gjall\u00eb d\u00ebshmon se lidhja jon\u00eb me Europ\u00ebn n\u00eb fakt ka qen\u00eb dhe mbetet organike.<\/p>\n<p>P\u00ebr k\u00ebt\u00eb arsye, fillimi i ndryshimeve politike dhe shoq\u00ebrore n\u00eb fillim t\u00eb viteve 90\u2019-t\u00eb n\u00ebn thirrjen \u201cE duam Shqip\u00ebrin\u00eb si gjith\u00eb Europa\u201d nuk ishte gjetje e ndonj\u00eb kompanie marketingu, por shprehje e aspirat\u00ebs s\u00eb gjeneratave t\u00eb t\u00ebra p\u00ebr t\u2019u kthyer politikisht aty ku kemi b\u00ebr\u00eb pjes\u00eb me koh\u00eb shpirt\u00ebrisht.<\/p>\n<p>K\u00ebt\u00eb vit ne festojm\u00eb Dit\u00ebn e Europ\u00ebs n\u00eb nj\u00eb kontekst tjet\u00ebr si rezultat i agresionit rus kund\u00ebr Ukrain\u00ebs. Pakkush e mendonte k\u00ebt\u00eb luft\u00eb n\u00eb Europ\u00ebn e vitit 2022, pas luftrave t\u00eb p\u00ebrgjakshme n\u00eb ish-Jugosllavi. V\u00ebshtir\u00eb ta rrokte imagjinata nj\u00eb tjet\u00ebr eksod biblik n\u00eb Europ\u00eb, pas atij q\u00eb p\u00ebrjetuan motrat e v\u00ebllez\u00ebrit tan\u00eb n\u00eb Kosov\u00eb, si ai q\u00eb po ndodh me ukrainasit, t\u00eb cil\u00ebt duan t\u00eb shp\u00ebtojn\u00eb nga kthetrat e luft\u00ebs.<\/p>\n<p>Ndaj, sot n\u00eb Dit\u00ebn e Europ\u00ebs, \u00e7dokush prej nesh mund t\u00eb pyes\u00eb: A quhet i p\u00ebrfunduar projekti europian teksa nj\u00eb pjes\u00eb organike e tij mbetet ende jasht\u00eb? P\u00ebrgjigja \u00ebsht\u00eb: JO!<\/p>\n<p>Kemi pandehur se jemi me fat q\u00eb gjendemi n\u00eb zem\u00ebr t\u00eb qytet\u00ebrimit europian. Mbase te e pandehura q\u00ebndron edhe gabimi yn\u00eb sepse ka nj\u00eb vij\u00eb t\u00eb holl\u00eb ku ndahet realiteti nga imagjinata. Nuk mjafton t\u00eb thuash se para 2000 vjet\u00ebsh kur kufiri i Europ\u00ebs ishte diku n\u00eb veri t\u00eb Italis\u00eb s\u00eb sotme, ne kuvendonim n\u00eb forume krahas grek\u00ebve e romak\u00ebve t\u00eb lasht\u00eb. Platoni ishte fqinj, Jul Cezari caktonte\u00a0 Apolonin\u00eb si vend p\u00ebr edukimin e Oktavianit dhe ne i binim kryq e t\u00ebrthor Mare Nostrumit.<\/p>\n<p>E kaluara sado e lavdishme t\u00eb ket\u00eb qen\u00eb nuk p\u00ebrb\u00ebn justifikim p\u00ebr tashmen. Duhet ta meritosh at\u00eb. Europa \u00ebsht\u00eb nj\u00eb bashkim q\u00eb simbolizon lirin\u00eb dhe barazin\u00eb, respektin p\u00ebr t\u00eb drejtat e njeriut, solidaritetin, sundimin e s\u00eb drejt\u00ebs dhe synon q\u00eb permes procesit t\u00eb an\u00ebtar\u00ebsimit t\u00eb shteteve q\u00eb d\u00ebshmojn\u00eb vendosm\u00ebri politike p\u00ebr t\u00eb p\u00ebrqafuar k\u00ebto vlera, t\u00eb b\u00ebhet m\u00eb e fort\u00eb dhe m\u00eb konkurruese n\u00eb sken\u00ebn nd\u00ebrkomb\u00ebtare.<\/p>\n<p>Ismal Qemali n\u00eb rrug\u00ebtimin e tij historik p\u00ebr m\u00ebvet\u00ebsin\u00eb e Shqip\u00ebris\u00eb e shpjegonte n\u00eb m\u00ebnyr\u00eb elokuente fjal\u00ebn \u201ckomb\u201d, q\u00eb n\u00eb shqip do t\u00eb thot\u00eb \u201cnyje\u201d. Nj\u00eb nyj\u00eb q\u00eb t\u00eb b\u00ebhet n\u00eb fyt. P\u00ebr shqiptar\u00ebt e mi \u2013 thoshte plaku i urt\u00eb \u2013 p\u00ebrpara se t\u00eb jet\u00eb nj\u00eb ide, nj\u00eb thelb historik, kombi \u00ebsht\u00eb nj\u00eb nyje, nj\u00eb l\u00ebmsh q\u00eb mblidhet n\u00eb gjoks, q\u00eb t\u00eb shtr\u00ebngon, gati nj\u00eb dhimbje.<\/p>\n<p>E pra, n\u00eb familjen europiane ne do t\u00eb shkojm\u00eb si komb, si nyje, duke mbajtur me vete amanetin e paraardh\u00ebsve dhe premtimin p\u00ebr pasardh\u00ebsit.<\/p>\n<p>G\u00ebzuar Dit\u00ebn e Europ\u00ebs! #EuropeDay2022<\/p>\n","protected":false},"excerpt":{"rendered":"<p>Ish ministri i Jasht\u00ebm i Shqip\u00ebris\u00eb, Ditmir Bushati shkruan sot se projekti europian nuk mund t\u00eb jet\u00eb i p\u00ebrfunduar kur nj\u00eb pjes\u00eb organike e tij \u00ebsht\u00eb ende jasht\u00eb BE-s\u00eb. P\u00ebrmes nj\u00eb statusi me rastin e Dit\u00ebs s\u00eb Europ\u00ebs, Bushati shkruan se \u201cEuropa \u00ebsht\u00eb nj\u00eb bashkim q\u00eb simbolizon lirin\u00eb dhe barazin\u00eb, respektin p\u00ebr t\u00eb drejtat e [&hellip;]<\/p>\n","protected":false},"author":2016,"featured_media":256969,"comment_status":"closed","ping_status":"closed","sticky":false,"template":"","format":"standard","meta":{"footnotes":""},"categories":[241,5380,231,1454],"tags":[],"class_list":{"0":"post-256968","1":"post","2":"type-post","3":"status-publish","4":"format-standard","5":"has-post-thumbnail","7":"category-aktualitet","8":"category-kryesore","9":"category-lajme","10":"category-politike"},"_links":{"self":[{"href":"https:\/\/zjarr.tv\/sq\/wp-json\/wp\/v2\/posts\/256968","targetHints":{"allow":["GET"]}}],"collection":[{"href":"https:\/\/zjarr.tv\/sq\/wp-json\/wp\/v2\/posts"}],"about":[{"href":"https:\/\/zjarr.tv\/sq\/wp-json\/wp\/v2\/types\/post"}],"author":[{"embeddable":true,"href":"https:\/\/zjarr.tv\/sq\/wp-json\/wp\/v2\/users\/2016"}],"replies":[{"embeddable":true,"href":"https:\/\/zjarr.tv\/sq\/wp-json\/wp\/v2\/comments?post=256968"}],"version-history":[{"count":0,"href":"https:\/\/zjarr.tv\/sq\/wp-json\/wp\/v2\/posts\/256968\/revisions"}],"wp:featuredmedia":[{"embeddable":true,"href":"https:\/\/zjarr.tv\/sq\/wp-json\/wp\/v2\/media\/256969"}],"wp:attachment":[{"href":"https:\/\/zjarr.tv\/sq\/wp-json\/wp\/v2\/media?parent=256968"}],"wp:term":[{"taxonomy":"category","embeddable":true,"href":"https:\/\/zjarr.tv\/sq\/wp-json\/wp\/v2\/categories?post=256968"},{"taxonomy":"post_tag","embeddable":true,"href":"https:\/\/zjarr.tv\/sq\/wp-json\/wp\/v2\/tags?post=256968"}],"curies":[{"name":"wp","href":"https:\/\/api.w.org\/{rel}","templated":true}]}}