{"id":256972,"date":"2022-05-09T12:41:59","date_gmt":"2022-05-09T10:41:59","guid":{"rendered":"https:\/\/zjarr.tv\/?p=256972"},"modified":"2022-05-09T12:41:59","modified_gmt":"2022-05-09T10:41:59","slug":"a-po-largohet-edi-rama","status":"publish","type":"post","link":"https:\/\/zjarr.tv\/sq\/a-po-largohet-edi-rama\/","title":{"rendered":"A PO LARGOHET EDI RAMA?"},"content":{"rendered":"<p>Nga Edi Oga, p\u00ebr newsbomb.al.<\/p>\n<p>\u201cDurimi yn\u00eb po soset. I imi po nj\u00ebher\u00eb!\u201d<\/p>\n<p>Ky pasazh i nj\u00ebrit prej fjalimeve m\u00eb t\u00eb ashpra q\u00eb zoti Rama ka mbajtur n\u00eb lidhje me drejt\u00ebsin\u00eb n\u00eb k\u00ebt\u00eb vend, kryesisht mbi aktivitetin e Struktur\u00ebs s\u00eb Posa\u00e7me Anti Korrupsion, nuk mund t\u00eb injorohet, p\u00ebrsa i p\u00ebrket mund\u00ebsis\u00eb (s\u00eb paralajm\u00ebruar) t\u00eb largimit t\u00eb tij nga politika. Kujtoj q\u00eb n\u00eb fundjav\u00eb \u00ebsht\u00eb rivitalizuar dhe risjell\u00eb n\u00eb v\u00ebmendje n\u00eb shumic\u00ebn e portaleve t\u00eb m\u00ebdha deklarata e vet\u00eb zotit Rama, dh\u00ebn\u00eb \u201cAnadolu Agency\u201d n\u00eb vitin 2015\u00a0 p\u00ebr \u201cjet\u00ebn e tij t\u00eb tret\u00eb\u201d, n\u00eb t\u00eb cil\u00ebn ai nuk do t\u00eb jet\u00eb m\u00eb artist, si n\u00eb jet\u00ebn e par\u00eb, as politikan, si n\u00eb jet\u00ebn e dyt\u00eb, por thjesht nj\u00eb njeri \u201ci lir\u00eb\u201d!<\/p>\n<p>Fakt! Edi Rama \u00ebsht\u00eb i lodhur. Kushdo do t\u00eb ishte lodhur pas n\u00ebnt\u00eb vitesh qeverisjeje t\u00eb nj\u00eb populli kaq t\u00eb but\u00eb si ky yni, por me pushtetar\u00eb dhe oligark\u00eb kaq t\u00eb v\u00ebshtir\u00eb e t\u00eb pangopur si k\u00ebta tan\u00ebt.<\/p>\n<p>Po p\u00ebrse pik\u00ebrisht tani ai \u201ck\u00ebrc\u00ebnon\u201d me largimin e tij? P\u00ebrse ndjehet kaq \u201ci bezdisur\u201d?!<\/p>\n<p>Sepse n\u00eb k\u00ebto koh\u00eb Edi Rama po p\u00ebrjeton ndjesin\u00eb irrituese me emrin \u201cDeja vu\u201d!<\/p>\n<p>Kund\u00ebrshtar\u00ebt e tij m\u00eb t\u00eb m\u00ebdhenj, t\u00eb cil\u00ebt ai kishte menduar se i kishte sistemuar nj\u00ebher\u00eb e p\u00ebrgjithmon\u00eb, po ringjallen!<\/p>\n<p>Sali Berisha u rikthye nga \u201cvarri politik\u201d dhe fantazma e tij i shp\u00ebrfaqet dhe i g\u00ebrthet n\u00eb fytyr\u00eb nga t\u00eb katra an\u00ebt. Edhe Ilir Meta, i cili ka njoftuar nj\u00eb aksion politik t\u00eb paprecedent q\u00eb t\u00eb nes\u00ebrmen e daljes nga Presidenca. Nj\u00eb lloj ringritje prej Feniksi.<\/p>\n<p>Edi Rama nuk ka as koh\u00eb, as nerva, as motiv q\u00eb t\u00eb p\u00ebrballet me kund\u00ebrshtar\u00eb q\u00eb i ka mundur nj\u00ebher\u00eb. P\u00ebr hir t\u00eb s\u00eb v\u00ebrtet\u00ebs, edhe shqiptar\u00ebt me mend n\u00eb kok\u00eb dhe sidomos ata \u201cjopartiak\u00eb\u201d, duken t\u00eb irrituar me faktin q\u00eb edhe sot, shpresa p\u00ebr ndryshimin e madh serviret nga t\u00eb njejt\u00ebt njer\u00ebz q\u00eb e kan\u00eb shp\u00ebrdoruar at\u00eb disa her\u00eb n\u00eb k\u00ebto 30 vite.<\/p>\n<p>M\u00eb tep\u00ebr sesa Berisha dhe Meta i rrezikojn\u00eb pushtetin Edi Ram\u00ebs, prania e tyre si njer\u00ebz t\u00eb lir\u00eb e t\u00eb z\u00ebsh\u00ebm e neverit, i g\u00ebrvisht ndjeshm\u00ebrin\u00eb e tij t\u00eb shtuar prej artisti. P\u00ebr k\u00ebt\u00eb arsye, pa qime n\u00eb gjuh\u00eb, zoti Rama thirri n\u00eb ndihm\u00eb (dikush mund t\u00eb thot\u00eb urdh\u00ebroi) SPAK-un p\u00ebr t\u2019u marr\u00eb me k\u00ebta njer\u00ebz. Pavar\u00ebsisht rrethanave, n\u00ebse kjo ndodh, pra n\u00ebse ish krer\u00ebt m\u00eb t\u00eb lart\u00eb t\u00eb pushtetit n\u00eb k\u00ebt\u00eb vend do t\u00eb hetohen dhe do t\u00eb p\u00ebrballen me drejt\u00ebsin\u00eb, ky do t\u00eb ishte kontributi m\u00eb i madh i Edi Ram\u00ebs n\u00eb k\u00ebto 24 vite t\u00eb tij n\u00eb politik\u00eb. Por gjasat q\u00eb kjo t\u00eb ndodh\u00eb, jan\u00eb pran\u00eb zeros. Precedenti do t\u00eb ishte tep\u00ebr k\u00ebrc\u00ebnues edhe p\u00ebr at\u00eb vet\u00eb. Shumica e shqiptar\u00ebve, besoj, nuk kan\u00eb dyshim p\u00ebr k\u00ebt\u00eb.<\/p>\n<p>Pas kaq viteve n\u00eb maj\u00eb t\u00eb pushtetit, Edi Ram\u00ebs Shqip\u00ebria i rri shum\u00eb e ngusht\u00eb. Ambicia e tij (e shum\u00ebp\u00ebrfolur por mbase e spekuluar) p\u00ebr t\u00eb marr\u00eb postin e Sekretarit t\u00eb P\u00ebrgjithsh\u00ebm t\u00eb Natos, tashm\u00eb \u00ebsht\u00eb zeruar edhe teorikisht, duke par\u00eb sesa pran\u00eb luft\u00ebs me Rusin\u00eb \u00ebsht\u00eb Aleanca.<\/p>\n<p>Vitet kalojn\u00eb dhe dikur \u201cjeta e tret\u00eb\u201d duhet nisur. Por fillimisht, duhen sistemuar disa gj\u00ebra. Me sa po kuptojm\u00eb, kemi hyr\u00eb pik\u00ebrisht n\u00eb faz\u00ebn e sistemimit t\u00eb gj\u00ebrave p\u00ebrpara lamtumir\u00ebs. Zoti na ndihmoft\u00eb!<\/p>\n","protected":false},"excerpt":{"rendered":"<p>Nga Edi Oga, p\u00ebr newsbomb.al. \u201cDurimi yn\u00eb po soset. I imi po nj\u00ebher\u00eb!\u201d Ky pasazh i nj\u00ebrit prej fjalimeve m\u00eb t\u00eb ashpra q\u00eb zoti Rama ka mbajtur n\u00eb lidhje me drejt\u00ebsin\u00eb n\u00eb k\u00ebt\u00eb vend, kryesisht mbi aktivitetin e Struktur\u00ebs s\u00eb Posa\u00e7me Anti Korrupsion, nuk mund t\u00eb injorohet, p\u00ebrsa i p\u00ebrket mund\u00ebsis\u00eb (s\u00eb paralajm\u00ebruar) t\u00eb largimit [&hellip;]<\/p>\n","protected":false},"author":2030,"featured_media":185664,"comment_status":"closed","ping_status":"closed","sticky":false,"template":"","format":"standard","meta":{"footnotes":""},"categories":[241,3366,5380,231],"tags":[],"class_list":{"0":"post-256972","1":"post","2":"type-post","3":"status-publish","4":"format-standard","5":"has-post-thumbnail","7":"category-aktualitet","8":"category-koment","9":"category-kryesore","10":"category-lajme"},"_links":{"self":[{"href":"https:\/\/zjarr.tv\/sq\/wp-json\/wp\/v2\/posts\/256972","targetHints":{"allow":["GET"]}}],"collection":[{"href":"https:\/\/zjarr.tv\/sq\/wp-json\/wp\/v2\/posts"}],"about":[{"href":"https:\/\/zjarr.tv\/sq\/wp-json\/wp\/v2\/types\/post"}],"author":[{"embeddable":true,"href":"https:\/\/zjarr.tv\/sq\/wp-json\/wp\/v2\/users\/2030"}],"replies":[{"embeddable":true,"href":"https:\/\/zjarr.tv\/sq\/wp-json\/wp\/v2\/comments?post=256972"}],"version-history":[{"count":0,"href":"https:\/\/zjarr.tv\/sq\/wp-json\/wp\/v2\/posts\/256972\/revisions"}],"wp:featuredmedia":[{"embeddable":true,"href":"https:\/\/zjarr.tv\/sq\/wp-json\/wp\/v2\/media\/185664"}],"wp:attachment":[{"href":"https:\/\/zjarr.tv\/sq\/wp-json\/wp\/v2\/media?parent=256972"}],"wp:term":[{"taxonomy":"category","embeddable":true,"href":"https:\/\/zjarr.tv\/sq\/wp-json\/wp\/v2\/categories?post=256972"},{"taxonomy":"post_tag","embeddable":true,"href":"https:\/\/zjarr.tv\/sq\/wp-json\/wp\/v2\/tags?post=256972"}],"curies":[{"name":"wp","href":"https:\/\/api.w.org\/{rel}","templated":true}]}}