{"id":257097,"date":"2022-05-09T14:39:40","date_gmt":"2022-05-09T12:39:40","guid":{"rendered":"https:\/\/zjarr.tv\/?p=257097"},"modified":"2022-05-09T14:39:40","modified_gmt":"2022-05-09T12:39:40","slug":"alibeaj-mbledh-grupin-parlamentar-te-pd-ja-kush-jane-deputetet-qe-marrin-pjese-mungon-rithemelimi","status":"publish","type":"post","link":"https:\/\/zjarr.tv\/sq\/alibeaj-mbledh-grupin-parlamentar-te-pd-ja-kush-jane-deputetet-qe-marrin-pjese-mungon-rithemelimi\/","title":{"rendered":"Alibeaj mbledh Grupin Parlamentar t\u00eb PD, ja kush jan\u00eb deputet\u00ebt q\u00eb marrin pjes\u00eb, mungon \u201cRithemelimi\u201d"},"content":{"rendered":"<p>Nj\u00eb dit\u00eb para mbledhjes Alibeaj u ka shp\u00ebrndar\u00eb deputet\u00ebve nj\u00eb draft me kriteret dhe formul\u00ebn e zgjedhjes s\u00eb Presidentit, ku v\u00eb n\u00eb dukje faktin se materiali nuk \u00ebsht\u00eb p\u00ebrfundimtar dhe mund t\u00eb ndryshoj\u00eb n\u00eb var\u00ebsi t\u00eb propozimeve t\u00eb deputet\u00ebve.<\/p>\n<p>Deputet\u00ebt e pranish\u00ebm<\/p>\n<p>Kreshnik Collaku<\/p>\n<p>Zheni Gjergji<\/p>\n<p>Bledjon Nallbati<\/p>\n<p>Dashnor Sula<\/p>\n<p>Arbi Agalliu<\/p>\n<p>Gazment Barshi<\/p>\n<p>Dhurata Cupi<\/p>\n<p>Saimir Korreshi<\/p>\n<p>Eralda Bano<\/p>\n<p>Merita Bakiu<\/p>\n<p>Ferdinand Xheferri<\/p>\n<p>Kastriot Piroli<\/p>\n<p>Ilda Dhori<\/p>\n<p>Lefter Geshtenja<\/p>\n<p>Lindita Metaliaj<\/p>\n<p>Flamur Hoxha<\/p>\n<p>Seladin Jakupllari<\/p>\n<p>Enkelejd Alibeaj<\/p>\n<p>Emilja Koliqi<\/p>\n<p>Orjola Pampuri<\/p>\n<ol start=\"21\">\n<li>Andia Ulliri<\/li>\n<\/ol>\n","protected":false},"excerpt":{"rendered":"<p>Nj\u00eb dit\u00eb para mbledhjes Alibeaj u ka shp\u00ebrndar\u00eb deputet\u00ebve nj\u00eb draft me kriteret dhe formul\u00ebn e zgjedhjes s\u00eb Presidentit, ku v\u00eb n\u00eb dukje faktin se materiali nuk \u00ebsht\u00eb p\u00ebrfundimtar dhe mund t\u00eb ndryshoj\u00eb n\u00eb var\u00ebsi t\u00eb propozimeve t\u00eb deputet\u00ebve. Deputet\u00ebt e pranish\u00ebm Kreshnik Collaku Zheni Gjergji Bledjon Nallbati Dashnor Sula Arbi Agalliu Gazment Barshi Dhurata [&hellip;]<\/p>\n","protected":false},"author":2020,"featured_media":257099,"comment_status":"closed","ping_status":"closed","sticky":false,"template":"","format":"standard","meta":{"footnotes":""},"categories":[241,5380,231],"tags":[],"class_list":{"0":"post-257097","1":"post","2":"type-post","3":"status-publish","4":"format-standard","5":"has-post-thumbnail","7":"category-aktualitet","8":"category-kryesore","9":"category-lajme"},"_links":{"self":[{"href":"https:\/\/zjarr.tv\/sq\/wp-json\/wp\/v2\/posts\/257097","targetHints":{"allow":["GET"]}}],"collection":[{"href":"https:\/\/zjarr.tv\/sq\/wp-json\/wp\/v2\/posts"}],"about":[{"href":"https:\/\/zjarr.tv\/sq\/wp-json\/wp\/v2\/types\/post"}],"author":[{"embeddable":true,"href":"https:\/\/zjarr.tv\/sq\/wp-json\/wp\/v2\/users\/2020"}],"replies":[{"embeddable":true,"href":"https:\/\/zjarr.tv\/sq\/wp-json\/wp\/v2\/comments?post=257097"}],"version-history":[{"count":0,"href":"https:\/\/zjarr.tv\/sq\/wp-json\/wp\/v2\/posts\/257097\/revisions"}],"wp:featuredmedia":[{"embeddable":true,"href":"https:\/\/zjarr.tv\/sq\/wp-json\/wp\/v2\/media\/257099"}],"wp:attachment":[{"href":"https:\/\/zjarr.tv\/sq\/wp-json\/wp\/v2\/media?parent=257097"}],"wp:term":[{"taxonomy":"category","embeddable":true,"href":"https:\/\/zjarr.tv\/sq\/wp-json\/wp\/v2\/categories?post=257097"},{"taxonomy":"post_tag","embeddable":true,"href":"https:\/\/zjarr.tv\/sq\/wp-json\/wp\/v2\/tags?post=257097"}],"curies":[{"name":"wp","href":"https:\/\/api.w.org\/{rel}","templated":true}]}}