{"id":257462,"date":"2022-05-11T08:18:41","date_gmt":"2022-05-11T06:18:41","guid":{"rendered":"https:\/\/zjarr.tv\/?p=257462"},"modified":"2022-05-11T08:18:41","modified_gmt":"2022-05-11T06:18:41","slug":"kreu-i-pdk-memli-krasniqi-falenderon-ramen-duke-vizituar-thacin-ne-hage-kryeministri-tregoi-kujdes-per-kosoven","status":"publish","type":"post","link":"https:\/\/zjarr.tv\/sq\/kreu-i-pdk-memli-krasniqi-falenderon-ramen-duke-vizituar-thacin-ne-hage-kryeministri-tregoi-kujdes-per-kosoven\/","title":{"rendered":"Kreu i PDK Memli Krasniqi falenderon Ram\u00ebn: Duke vizituar Tha\u00e7in n\u00eb Hag\u00eb, kryeministri tregoi kujdes p\u00ebr Kosov\u00ebn"},"content":{"rendered":"<p>Kryetari i PDK-s\u00eb Memli Krasniqi ka falenderuar kryeministrin Edi Rama, i cili vizitoi sot Hashima Tha\u00e7in n\u00eb paraburgim, n\u00eb Hag\u00eb. Sipas tij, duke vizituar ish-presidentin , Rama tregon se po kujdeset p\u00ebr Kosov\u00ebn.<\/p>\n<p>P\u00ebrmes nj\u00eb postimi n\u00eb Facebook, Krasniqi thot\u00eb se kjo vizit\u00eb e Ram\u00ebs \u00ebsht\u00eb nderim nderim i lart\u00eb ndaj vlerave m\u00eb t\u00eb shenjta komb\u00ebtare dhe t\u00eb historis\u00eb m\u00eb kuptimplot\u00eb t\u00eb popullit shqiptar.<\/p>\n<p>Postimi i plot\u00eb i Memli Krasniqit:<\/p>\n<p>Falemnderit nga zemra Kryeministrit Edi Rama p\u00ebr kujdesin v\u00ebllaz\u00ebror q\u00eb po tregon ndaj Kosov\u00ebs. Sot, me vizit\u00ebn e tij n\u00eb Hag\u00eb, te Presidenti Hashim Tha\u00e7i, ai u kujdes p\u00ebr Kosov\u00ebn dhe na rikujtoi se vlerat tona solidare jan\u00eb t\u00eb p\u00ebrtejkufijshme \u2013 si\u00e7 ishin edhe n\u00eb dit\u00ebt m\u00eb t\u00eb v\u00ebshtira kur populli shqiptar i Kosov\u00ebs po luftonte p\u00ebr lirin\u00eb e tij.<\/p>\n<p>Kjo vizit\u00eb \u00ebsht\u00eb nderim i lart\u00eb ndaj vlerave m\u00eb t\u00eb shenjta komb\u00ebtare e t\u00eb historis\u00eb m\u00eb kuptimplot\u00eb t\u00eb popullit shqiptar \u2013 luft\u00ebs s\u00eb drejt\u00eb t\u00eb Ushtris\u00eb \u00c7lirimtare t\u00eb Kosov\u00ebs, p\u00ebr mbrojt\u00ebn e t\u00eb cilave djemt\u00eb e saj po e b\u00ebjn\u00eb edhe nj\u00eb betej\u00eb.<\/p>\n<p>Duke i kujtuar fjal\u00ebt e Presidentit Tha\u00e7i, n\u00eb letr\u00ebn e tij p\u00ebr ju, z. Rama, shpresoj q\u00eb sa m\u00eb par\u00eb t\u00eb takoheni duke frymuar n\u00ebn qiellin e bukur dhe diellin q\u00eb ngroh Shqip\u00ebrin\u00eb dhe Kosov\u00ebn.<\/p>\n","protected":false},"excerpt":{"rendered":"<p>Kryetari i PDK-s\u00eb Memli Krasniqi ka falenderuar kryeministrin Edi Rama, i cili vizitoi sot Hashima Tha\u00e7in n\u00eb paraburgim, n\u00eb Hag\u00eb. Sipas tij, duke vizituar ish-presidentin , Rama tregon se po kujdeset p\u00ebr Kosov\u00ebn. P\u00ebrmes nj\u00eb postimi n\u00eb Facebook, Krasniqi thot\u00eb se kjo vizit\u00eb e Ram\u00ebs \u00ebsht\u00eb nderim nderim i lart\u00eb ndaj vlerave m\u00eb t\u00eb shenjta [&hellip;]<\/p>\n","protected":false},"author":2031,"featured_media":257463,"comment_status":"closed","ping_status":"closed","sticky":false,"template":"","format":"standard","meta":{"footnotes":""},"categories":[1],"tags":[],"class_list":{"0":"post-257462","1":"post","2":"type-post","3":"status-publish","4":"format-standard","5":"has-post-thumbnail","7":"category-uncategorized-sq"},"_links":{"self":[{"href":"https:\/\/zjarr.tv\/sq\/wp-json\/wp\/v2\/posts\/257462","targetHints":{"allow":["GET"]}}],"collection":[{"href":"https:\/\/zjarr.tv\/sq\/wp-json\/wp\/v2\/posts"}],"about":[{"href":"https:\/\/zjarr.tv\/sq\/wp-json\/wp\/v2\/types\/post"}],"author":[{"embeddable":true,"href":"https:\/\/zjarr.tv\/sq\/wp-json\/wp\/v2\/users\/2031"}],"replies":[{"embeddable":true,"href":"https:\/\/zjarr.tv\/sq\/wp-json\/wp\/v2\/comments?post=257462"}],"version-history":[{"count":0,"href":"https:\/\/zjarr.tv\/sq\/wp-json\/wp\/v2\/posts\/257462\/revisions"}],"wp:featuredmedia":[{"embeddable":true,"href":"https:\/\/zjarr.tv\/sq\/wp-json\/wp\/v2\/media\/257463"}],"wp:attachment":[{"href":"https:\/\/zjarr.tv\/sq\/wp-json\/wp\/v2\/media?parent=257462"}],"wp:term":[{"taxonomy":"category","embeddable":true,"href":"https:\/\/zjarr.tv\/sq\/wp-json\/wp\/v2\/categories?post=257462"},{"taxonomy":"post_tag","embeddable":true,"href":"https:\/\/zjarr.tv\/sq\/wp-json\/wp\/v2\/tags?post=257462"}],"curies":[{"name":"wp","href":"https:\/\/api.w.org\/{rel}","templated":true}]}}