{"id":257466,"date":"2022-05-11T08:23:14","date_gmt":"2022-05-11T06:23:14","guid":{"rendered":"https:\/\/zjarr.tv\/?p=257466"},"modified":"2022-05-11T08:23:14","modified_gmt":"2022-05-11T06:23:14","slug":"si-president-ngela-i-vetem-meta-flet-per-mandatin-5-vjecar-u-tradhtova-nga-miqte-tani-ndihem-sikur-mezi-po-pres-te-dal-nga-nje-enderr","status":"publish","type":"post","link":"https:\/\/zjarr.tv\/sq\/si-president-ngela-i-vetem-meta-flet-per-mandatin-5-vjecar-u-tradhtova-nga-miqte-tani-ndihem-sikur-mezi-po-pres-te-dal-nga-nje-enderr\/","title":{"rendered":"\u201cSi President ngela i vet\u00ebm\u201d, Meta flet p\u00ebr mandatin 5 vje\u00e7ar: U tradhtova nga miqt\u00eb! Tani ndihem sikur mezi po pres t\u00eb dal nga nj\u00eb \u00ebnd\u00ebrr"},"content":{"rendered":"<p>Presidenti Ilir Meta, duke folur p\u00ebr mandatin e tij 5 vje\u00e7ar n\u00eb krye t\u00eb shtetit, \u00ebsht\u00eb shprehur mbr\u00ebmjen e djeshme se ngeli i vet\u00ebm n\u00eb nj\u00eb parlament nj\u00eb partiak. Sipas tij, u tradhtua nga miqt\u00eb ndaj u detyruar t\u00eb k\u00ebrkonte ndihm\u00ebn e popullit.<\/p>\n<p>\u201c[\u2026] Ilir meta gjat\u00eb k\u00ebtyre pes\u00eb viteve e sidomos nga 17 shkurti e deri tani kur opozita \u00ebsht\u00eb e paralizuar, kam qen\u00eb i vet\u00ebm si president i tradhtuar, i minuar nga miqt\u00eb dhe armiqt\u00eb p\u00ebr \u00e7do lloj arsyeje. Si mund t\u00eb jet\u00eb normale kur nj\u00eb president ngelet i vet\u00ebm n\u00eb nj\u00eb parlament nj\u00eb partiak\u201d, i shpreh Presidenti nd\u00ebr t\u00eb tjera n\u00eb \u201cTop Story\u201d.<\/p>\n<p>Nga zgjedhja si kryetar shteti n\u00eb prill t\u00eb 2017, si i kujtoni ato dit\u00eb?<\/p>\n<p>Ilir Meta: Shqet\u00ebsimi im nuk ishte se si u zgjodha por q\u00ebllimi ishte si do t\u00eb b\u00ebja t\u00eb pamundur\u00ebn se si opozita t\u00eb hynte n\u00eb zgjedhje e t\u00eb dilte nga \u00e7adra sepse ishte nj\u00eb p\u00ebrpjekje e kryeministrit dhe disa nd\u00ebrkomb\u00ebtar\u00ebve p\u00ebr ta l\u00ebn\u00eb PD-n\u00eb n\u00eb \u00e7ad\u00ebr.<\/p>\n<p>Loja ishte e qart\u00eb dhe un\u00eb ndih\u00ebm sikur mezi po pres t\u00eb dal nga nj\u00eb \u00ebnd\u00ebrr. E kam me shum\u00eb qet\u00ebsi, kjo periudh\u00eb e presidenc\u00ebs ka tre faza q\u00eb t\u00eb jemi objektiv. \u00cbsht\u00eb faza e par\u00eb ku Rama thoshte se ky \u00ebsht\u00eb presidenti m\u00eb i mir\u00eb ishte nj\u00eb presidenc\u00eb normale derisa opozita dogji mandatet.<\/p>\n<p>Besoj t\u00eb gjith\u00eb e kan\u00eb t\u00eb qart\u00eb filmin n\u00eb fund t\u00eb fundit konkluzioni \u00ebsht\u00eb i qart\u00eb i prer\u00eb, Ilir meta gjat\u00eb k\u00ebtyre pes\u00eb viteve e sidomos nga 17 shkurti e deri tani kur opozita \u00ebsht\u00eb e paralizuar, kam qen\u00eb i vet\u00ebm si president i tradhtuar, i minuar nga miqt\u00eb dhe armiqt\u00eb p\u00ebr \u00e7do lloj arsyeje. Si mund t\u00eb jet\u00eb normale kur nj\u00eb president ngelet i vet\u00ebm n\u00eb nj\u00eb parlament nj\u00eb partiak.<\/p>\n<p>Mua ma b\u00ebn\u00eb m\u00eb t\u00eb v\u00ebshtir\u00eb por antenat i ngrita m\u00eb lart, u detyrova t\u00eb k\u00ebrkoja edhe ndihm\u00ebn e popullit. Nga muaji dhjetor q\u00eb lind\u00ebn konfliktet e KED, kur e kuptova q\u00eb k\u00ebta donin t\u00eb rr\u00ebmbenin an\u00ebtar\u00ebt e Gjykat\u00ebs Kushtetuese q\u00eb i p\u00ebrkasin presidentit, kam b\u00ebr\u00eb \u00e7do p\u00ebrpjekje p\u00ebr t\u00eb shmangur dy marsin.<\/p>\n","protected":false},"excerpt":{"rendered":"<p>Presidenti Ilir Meta, duke folur p\u00ebr mandatin e tij 5 vje\u00e7ar n\u00eb krye t\u00eb shtetit, \u00ebsht\u00eb shprehur mbr\u00ebmjen e djeshme se ngeli i vet\u00ebm n\u00eb nj\u00eb parlament nj\u00eb partiak. Sipas tij, u tradhtua nga miqt\u00eb ndaj u detyruar t\u00eb k\u00ebrkonte ndihm\u00ebn e popullit. \u201c[\u2026] Ilir meta gjat\u00eb k\u00ebtyre pes\u00eb viteve e sidomos nga 17 shkurti [&hellip;]<\/p>\n","protected":false},"author":2031,"featured_media":151505,"comment_status":"closed","ping_status":"closed","sticky":false,"template":"","format":"standard","meta":{"footnotes":""},"categories":[1],"tags":[],"class_list":{"0":"post-257466","1":"post","2":"type-post","3":"status-publish","4":"format-standard","5":"has-post-thumbnail","7":"category-uncategorized-sq"},"_links":{"self":[{"href":"https:\/\/zjarr.tv\/sq\/wp-json\/wp\/v2\/posts\/257466","targetHints":{"allow":["GET"]}}],"collection":[{"href":"https:\/\/zjarr.tv\/sq\/wp-json\/wp\/v2\/posts"}],"about":[{"href":"https:\/\/zjarr.tv\/sq\/wp-json\/wp\/v2\/types\/post"}],"author":[{"embeddable":true,"href":"https:\/\/zjarr.tv\/sq\/wp-json\/wp\/v2\/users\/2031"}],"replies":[{"embeddable":true,"href":"https:\/\/zjarr.tv\/sq\/wp-json\/wp\/v2\/comments?post=257466"}],"version-history":[{"count":0,"href":"https:\/\/zjarr.tv\/sq\/wp-json\/wp\/v2\/posts\/257466\/revisions"}],"wp:featuredmedia":[{"embeddable":true,"href":"https:\/\/zjarr.tv\/sq\/wp-json\/wp\/v2\/media\/151505"}],"wp:attachment":[{"href":"https:\/\/zjarr.tv\/sq\/wp-json\/wp\/v2\/media?parent=257466"}],"wp:term":[{"taxonomy":"category","embeddable":true,"href":"https:\/\/zjarr.tv\/sq\/wp-json\/wp\/v2\/categories?post=257466"},{"taxonomy":"post_tag","embeddable":true,"href":"https:\/\/zjarr.tv\/sq\/wp-json\/wp\/v2\/tags?post=257466"}],"curies":[{"name":"wp","href":"https:\/\/api.w.org\/{rel}","templated":true}]}}