{"id":257469,"date":"2022-05-11T09:04:37","date_gmt":"2022-05-11T07:04:37","guid":{"rendered":"https:\/\/zjarr.tv\/?p=257469"},"modified":"2022-05-11T09:04:37","modified_gmt":"2022-05-11T07:04:37","slug":"rama-konference-urgjente-per-mediat-bashke-me-ministrin-e-drejtesise","status":"publish","type":"post","link":"https:\/\/zjarr.tv\/sq\/rama-konference-urgjente-per-mediat-bashke-me-ministrin-e-drejtesise\/","title":{"rendered":"Rama konferenc\u00eb urgjente p\u00ebr mediat bashk\u00eb me ministrin e Drejt\u00ebsis\u00eb"},"content":{"rendered":"<p>Kryeministri Edi Rama dhe ministri i Drejt\u00ebsis\u00eb Ulssi Manja, dit\u00ebn e sotme do t\u00eb dalin n\u00eb nj\u00eb koferenc\u00eb p\u00ebr mediat.<\/p>\n<p>M\u00ebsohet se n\u00eb or\u00ebn 10:00 Rama dhe Manja do t\u00eb mbajn\u00eb nj\u00eb konferenc\u00eb ku t\u00eb pranish\u00ebm do t\u00eb jen\u00eb edhe gazetar\u00ebt n\u00eb sall\u00ebn e konferencave n\u00eb selin\u00eb e Partis\u00eb Socialiste.<\/p>\n<p>Nuk dihet ende arsyeja e mbledhjes s\u00eb sotme dhe se \u00e7far\u00eb do t\u00eb thot\u00eb Rama p\u00ebr mediat.<\/p>\n","protected":false},"excerpt":{"rendered":"<p>Kryeministri Edi Rama dhe ministri i Drejt\u00ebsis\u00eb Ulssi Manja, dit\u00ebn e sotme do t\u00eb dalin n\u00eb nj\u00eb koferenc\u00eb p\u00ebr mediat. M\u00ebsohet se n\u00eb or\u00ebn 10:00 Rama dhe Manja do t\u00eb mbajn\u00eb nj\u00eb konferenc\u00eb ku t\u00eb pranish\u00ebm do t\u00eb jen\u00eb edhe gazetar\u00ebt n\u00eb sall\u00ebn e konferencave n\u00eb selin\u00eb e Partis\u00eb Socialiste. Nuk dihet ende arsyeja e [&hellip;]<\/p>\n","protected":false},"author":2031,"featured_media":233112,"comment_status":"closed","ping_status":"closed","sticky":false,"template":"","format":"standard","meta":{"footnotes":""},"categories":[241,231,235],"tags":[],"class_list":{"0":"post-257469","1":"post","2":"type-post","3":"status-publish","4":"format-standard","5":"has-post-thumbnail","7":"category-aktualitet","8":"category-lajme","9":"category-vendi"},"_links":{"self":[{"href":"https:\/\/zjarr.tv\/sq\/wp-json\/wp\/v2\/posts\/257469","targetHints":{"allow":["GET"]}}],"collection":[{"href":"https:\/\/zjarr.tv\/sq\/wp-json\/wp\/v2\/posts"}],"about":[{"href":"https:\/\/zjarr.tv\/sq\/wp-json\/wp\/v2\/types\/post"}],"author":[{"embeddable":true,"href":"https:\/\/zjarr.tv\/sq\/wp-json\/wp\/v2\/users\/2031"}],"replies":[{"embeddable":true,"href":"https:\/\/zjarr.tv\/sq\/wp-json\/wp\/v2\/comments?post=257469"}],"version-history":[{"count":0,"href":"https:\/\/zjarr.tv\/sq\/wp-json\/wp\/v2\/posts\/257469\/revisions"}],"wp:featuredmedia":[{"embeddable":true,"href":"https:\/\/zjarr.tv\/sq\/wp-json\/wp\/v2\/media\/233112"}],"wp:attachment":[{"href":"https:\/\/zjarr.tv\/sq\/wp-json\/wp\/v2\/media?parent=257469"}],"wp:term":[{"taxonomy":"category","embeddable":true,"href":"https:\/\/zjarr.tv\/sq\/wp-json\/wp\/v2\/categories?post=257469"},{"taxonomy":"post_tag","embeddable":true,"href":"https:\/\/zjarr.tv\/sq\/wp-json\/wp\/v2\/tags?post=257469"}],"curies":[{"name":"wp","href":"https:\/\/api.w.org\/{rel}","templated":true}]}}