{"id":257473,"date":"2022-05-11T09:10:33","date_gmt":"2022-05-11T07:10:33","guid":{"rendered":"https:\/\/zjarr.tv\/?p=257473"},"modified":"2022-05-13T15:56:42","modified_gmt":"2022-05-13T13:56:42","slug":"tritan-kalo-shume-e-trishte-per-te-gjithe-ne-dhe-shume-inkurajuese-per-braktisjen-e-vendit-drejt-thejqafjes-emigratore","status":"publish","type":"post","link":"https:\/\/zjarr.tv\/sq\/tritan-kalo-shume-e-trishte-per-te-gjithe-ne-dhe-shume-inkurajuese-per-braktisjen-e-vendit-drejt-thejqafjes-emigratore\/","title":{"rendered":"Tritan Kalo: Shum\u00eb e trisht\u00eb p\u00ebr t\u00eb gjith\u00eb ne, dhe shum\u00eb inkurajuese p\u00ebr braktisjen e v\u00ebndit drejt thejqafjes emigratore"},"content":{"rendered":"<p>Nga Tritan Kalo<\/p>\n<p>11.05.2022\u2026Mirm\u00ebngjes e dit\u00eb t\u00eb mbar\u00eb miq, t\u00eb af\u00ebrm, dashamir\u00ebs e bashk\u00ebatdhetar\u00eb\u2026.A mundet ndokush t\u00eb m\u00eb sqaroj\u00eb, se \u00e7far\u00eb \u201cSekreti\u201d fshehu n\u00eb Eurovizion k\u00ebng\u00ebtarja Ronela Hajati\u2026.Degradimi i shumshkaje n\u00eb jet\u00ebn ton\u00eb artistike kulmoj mbr\u00ebm\u00eb me k\u00ebt\u00eb p\u00ebrfaqsim, ku p\u00ebrpos pasthirmave ishin edhe gjestikulacionet erotike t\u00eb k\u00ebrcimit, ato q\u00eb krijonin jo pak \u201cndotje akustike\u201d dhe \u201cpull\u00ebkuq\u00ebzime pamore\u201d\u2026.Drit\u00ebro Agolli i madh, thelbin e degradimin e shumplansh\u00ebm t\u00eb shoq\u00ebris\u00eb son\u00eb Demon-kratike, e gjente t\u00eb z\u00ebv\u00ebnd\u00ebsimi i MERITOKRACIS\u00cb me SHK\u00cbRDHATOKRACIN\u00cb\u2026.\u201dKANABIZIM\u201d i gjithshkaje: i politik\u00ebs, i ekonomis\u00eb, i muzik\u00ebs, i rinis\u00eb, dhe mbi t\u00eb gjitha ERR\u00cbZIMI TYMOR KANABISOR i ardhm\u00ebris\u00eb son\u00eb\u2026.Shum\u00eb e trist\u00eb p\u00ebr t\u00eb gjith\u00eb ne, dhe shum\u00eb inkurajuese p\u00ebr braktisjen e v\u00ebndit drejt thejqafjes emigratore sidomos nga t\u00eb rinjt\u00eb\u2026. Quo vadis Shqip\u00ebria ime e k\u00ebndej Drinit!!!<\/p>\n","protected":false},"excerpt":{"rendered":"<p>Nga Tritan Kalo 11.05.2022\u2026Mirm\u00ebngjes e dit\u00eb t\u00eb mbar\u00eb miq, t\u00eb af\u00ebrm, dashamir\u00ebs e bashk\u00ebatdhetar\u00eb\u2026.A mundet ndokush t\u00eb m\u00eb sqaroj\u00eb, se \u00e7far\u00eb \u201cSekreti\u201d fshehu n\u00eb Eurovizion k\u00ebng\u00ebtarja Ronela Hajati\u2026.Degradimi i shumshkaje n\u00eb jet\u00ebn ton\u00eb artistike kulmoj mbr\u00ebm\u00eb me k\u00ebt\u00eb p\u00ebrfaqsim, ku p\u00ebrpos pasthirmave ishin edhe gjestikulacionet erotike t\u00eb k\u00ebrcimit, ato q\u00eb krijonin jo pak \u201cndotje akustike\u201d [&hellip;]<\/p>\n","protected":false},"author":2031,"featured_media":257474,"comment_status":"closed","ping_status":"closed","sticky":false,"template":"","format":"standard","meta":{"footnotes":""},"categories":[364,231],"tags":[],"class_list":{"0":"post-257473","1":"post","2":"type-post","3":"status-publish","4":"format-standard","5":"has-post-thumbnail","7":"category-koment-opinion","8":"category-lajme"},"_links":{"self":[{"href":"https:\/\/zjarr.tv\/sq\/wp-json\/wp\/v2\/posts\/257473","targetHints":{"allow":["GET"]}}],"collection":[{"href":"https:\/\/zjarr.tv\/sq\/wp-json\/wp\/v2\/posts"}],"about":[{"href":"https:\/\/zjarr.tv\/sq\/wp-json\/wp\/v2\/types\/post"}],"author":[{"embeddable":true,"href":"https:\/\/zjarr.tv\/sq\/wp-json\/wp\/v2\/users\/2031"}],"replies":[{"embeddable":true,"href":"https:\/\/zjarr.tv\/sq\/wp-json\/wp\/v2\/comments?post=257473"}],"version-history":[{"count":0,"href":"https:\/\/zjarr.tv\/sq\/wp-json\/wp\/v2\/posts\/257473\/revisions"}],"wp:featuredmedia":[{"embeddable":true,"href":"https:\/\/zjarr.tv\/sq\/wp-json\/wp\/v2\/media\/257474"}],"wp:attachment":[{"href":"https:\/\/zjarr.tv\/sq\/wp-json\/wp\/v2\/media?parent=257473"}],"wp:term":[{"taxonomy":"category","embeddable":true,"href":"https:\/\/zjarr.tv\/sq\/wp-json\/wp\/v2\/categories?post=257473"},{"taxonomy":"post_tag","embeddable":true,"href":"https:\/\/zjarr.tv\/sq\/wp-json\/wp\/v2\/tags?post=257473"}],"curies":[{"name":"wp","href":"https:\/\/api.w.org\/{rel}","templated":true}]}}